{"id":45,"date":"2010-10-22T08:23:33","date_gmt":"2010-10-22T06:23:33","guid":{"rendered":"http:\/\/blogasuncion.es\/?p=45"},"modified":"2014-10-12T20:20:29","modified_gmt":"2014-10-12T18:20:29","slug":"horario-biblioteca-escolar","status":"publish","type":"post","link":"https:\/\/www.ceipmaestrorafaelbravomartin.es\/?p=45","title":{"rendered":"Apertura de la Biblioteca Escolar por las tardes"},"content":{"rendered":"<p>Se informa a toda la comunidad educativa de la apertura de la Biblioteca Escolar los mi\u00e9rcoles por la tarde, en horario de 15:30h. a 18:30 horas. Ser\u00e1 atendida por \u00a0D\u00ba. Vicente Garc\u00eda Alexandre y durante este horario los alumnos de 1\u00ba a 6\u00ba de E. Primaria de este Centro pueden realizar pr\u00e9stamos de libros, estudiar, etc.<\/p>\n<p>&nbsp;<\/p>\n<p>&nbsp;<\/p>\n","protected":false},"excerpt":{"rendered":"<p>Se informa a toda la comunidad educativa de la apertura de la Biblioteca Escolar los mi\u00e9rcoles por la tarde, en horario de 15:30h. a 18:30 horas. Ser\u00e1 atendida por \u00a0D\u00ba. Vicente Garc\u00eda Alexandre y durante este horario los alumnos de 1\u00ba a 6\u00ba de E. Primaria de este Centro pueden [&hellip;]<\/p>\n","protected":false},"author":4,"featured_media":0,"comment_status":"closed","ping_status":"open","sticky":false,"template":"","format":"standard","meta":{"jetpack_post_was_ever_published":false,"_jetpack_newsletter_access":"","_jetpack_dont_email_post_to_subs":false,"_jetpack_newsletter_tier_id":0,"_jetpack_memberships_contains_paywalled_content":false,"_jetpack_memberships_contains_paid_content":false,"footnotes":""},"categories":[20],"tags":[59,57,58],"class_list":["post-45","post","type-post","status-publish","format-standard","hentry","category-info-biblioteca","tag-apertura","tag-biblioteca","tag-horario"],"jetpack_featured_media_url":"","jetpack_sharing_enabled":true,"jetpack_shortlink":"https:\/\/wp.me\/p9VlHp-J","jetpack-related-posts":[{"id":16,"url":"https:\/\/www.ceipmaestrorafaelbravomartin.es\/?p=16","url_meta":{"origin":45,"position":0},"title":"Elecciones a Consejos Escolares","author":"CEIP Maestro Rafael Bravo Mart\u00edn","date":"13 octubre, 2010","format":false,"excerpt":"Se informa a toda la comunidad educativa de que a partir de este a\u00f1o y tras la publicaci\u00f3n del Decreto 328\/2010, de 13 de Julio por el que se aprueba el Reglamento Org\u00e1nico de las escuelas infantil de segundo ciclo, de los colegios de educaci\u00f3n infantil y primaria","rel":"","context":"En \u00abConsejo escolar\u00bb","block_context":{"text":"Consejo escolar","link":"https:\/\/www.ceipmaestrorafaelbravomartin.es\/?cat=12"},"img":{"alt_text":"","src":"","width":0,"height":0},"classes":[]},{"id":1463,"url":"https:\/\/www.ceipmaestrorafaelbravomartin.es\/?p=1463","url_meta":{"origin":45,"position":1},"title":"Matriculaci\u00f3n curso 2016-2017","author":"CEIP Maestro Rafael Bravo Mart\u00edn","date":"25 mayo, 2016","format":false,"excerpt":"CURSO 2016-2017 HOJA DE MATRICULACI\u00d3N\u00a0 (que ya ha sido repartida al alumnado) Deber\u00e1 ser entregada al tutor\/a de su hijo\/a antes del Martes, d\u00eda 31 de Mayo. AULA MATINAL El plazo para solicitar plaza en el Aula Matinal es del 1 al 8 de Junio, ambos inclusive. El horario de\u2026","rel":"","context":"En \u00abEl centro\u00bb","block_context":{"text":"El centro","link":"https:\/\/www.ceipmaestrorafaelbravomartin.es\/?cat=10"},"img":{"alt_text":"","src":"","width":0,"height":0},"classes":[]},{"id":1640,"url":"https:\/\/www.ceipmaestrorafaelbravomartin.es\/?p=1640","url_meta":{"origin":45,"position":2},"title":"Ganador del concurso: \u00abUna mascota para la biblioteca\u00bb.","author":"CEIP Maestro Rafael Bravo Mart\u00edn","date":"16 enero, 2017","format":false,"excerpt":"Aqu\u00ed ten\u00e9is el ganador del concurso: \"una mascota para la biblioteca\". Su nombre es Jos\u00e9 Mar\u00eda y es de 4\u00ba A y su dibujo ha sido el ganador, por lo que aparecer\u00e1 en todos los carn\u00e9s de la biblioteca de nuestro colegio. Muchas felicidades y gracias a todos\/as por participar.","rel":"","context":"En \u00abBiblioteca Escolar\u00bb","block_context":{"text":"Biblioteca Escolar","link":"https:\/\/www.ceipmaestrorafaelbravomartin.es\/?cat=4"},"img":{"alt_text":"Carnet biblioteca con logo","src":"https:\/\/i0.wp.com\/www.ceipmaestrorafaelbravomartin.es\/wp-content\/uploads\/2017\/01\/Carnet-biblioteca-con-logo-300x200.jpg?resize=350%2C200","width":350,"height":200},"classes":[]},{"id":34,"url":"https:\/\/www.ceipmaestrorafaelbravomartin.es\/?p=34","url_meta":{"origin":45,"position":3},"title":"Biblioteca Escolar","author":"CEIP Maestro Rafael Bravo Mart\u00edn","date":"18 octubre, 2010","format":false,"excerpt":"El colegio p\u00fablico Nuestra Se\u00f1ora de Asunci\u00f3n de Alcal\u00e1 del R\u00edo dispone de una magnifica biblioteca de centro, instalada en una sala de la segunda planta , dicha sala est\u00e1 habilitada con 9 mesas y unas 40 sillas para la lectura y el estudio, 5 estanter\u00edas grandes\u00a0 de madera de\u2026","rel":"","context":"En \u00abPlanes y programas\u00bb","block_context":{"text":"Planes y programas","link":"https:\/\/www.ceipmaestrorafaelbravomartin.es\/?cat=23"},"img":{"alt_text":"","src":"","width":0,"height":0},"classes":[]},{"id":31,"url":"https:\/\/www.ceipmaestrorafaelbravomartin.es\/?p=31","url_meta":{"origin":45,"position":4},"title":"Consejos Escolares 2010\/11","author":"CEIP Maestro Rafael Bravo Mart\u00edn","date":"18 octubre, 2010","format":false,"excerpt":"Las elecciones a Consejos Escolares se celebrar\u00e1n en Andaluc\u00eda los pr\u00f3ximos d\u00edas 16, 17 y 18 de noviembre para los distintos sectores de la Comunidad Educativa, en todos los centros docentes sostenidos con fondos p\u00fablicos de la comunidad aut\u00f3noma de Andaluc\u00eda, a excepci\u00f3n de los centros espec\u00edficos de educaci\u00f3n permanente\u2026","rel":"","context":"En \u00abConsejo escolar\u00bb","block_context":{"text":"Consejo escolar","link":"https:\/\/www.ceipmaestrorafaelbravomartin.es\/?cat=12"},"img":{"alt_text":"","src":"","width":0,"height":0},"classes":[]},{"id":1252,"url":"https:\/\/www.ceipmaestrorafaelbravomartin.es\/?p=1252","url_meta":{"origin":45,"position":5},"title":"Certamen de carteles y cuentos navide\u00f1os.","author":"CEIP Maestro Rafael Bravo Mart\u00edn","date":"30 noviembre, 2015","format":false,"excerpt":"Se acercan fechas se\u00f1aladas en nuestro colegio, por ello empiezan actividades para estas fiestas. Desde la biblioteca del centro nos proponen las siguientes actividades: Animaros y participad.","rel":"","context":"En \u00abBiblioteca Escolar\u00bb","block_context":{"text":"Biblioteca Escolar","link":"https:\/\/www.ceipmaestrorafaelbravomartin.es\/?cat=4"},"img":{"alt_text":"","src":"https:\/\/i0.wp.com\/www.ceipmaestrorafaelbravomartin.es\/wp-content\/uploads\/2015\/11\/IMG_20151130_111938308.jpg?resize=350%2C200&ssl=1","width":350,"height":200,"srcset":"https:\/\/i0.wp.com\/www.ceipmaestrorafaelbravomartin.es\/wp-content\/uploads\/2015\/11\/IMG_20151130_111938308.jpg?resize=350%2C200&ssl=1 1x, https:\/\/i0.wp.com\/www.ceipmaestrorafaelbravomartin.es\/wp-content\/uploads\/2015\/11\/IMG_20151130_111938308.jpg?resize=525%2C300&ssl=1 1.5x, https:\/\/i0.wp.com\/www.ceipmaestrorafaelbravomartin.es\/wp-content\/uploads\/2015\/11\/IMG_20151130_111938308.jpg?resize=700%2C400&ssl=1 2x, https:\/\/i0.wp.com\/www.ceipmaestrorafaelbravomartin.es\/wp-content\/uploads\/2015\/11\/IMG_20151130_111938308.jpg?resize=1050%2C600&ssl=1 3x, https:\/\/i0.wp.com\/www.ceipmaestrorafaelbravomartin.es\/wp-content\/uploads\/2015\/11\/IMG_20151130_111938308.jpg?resize=1400%2C800&ssl=1 4x"},"classes":[]}],"_links":{"self":[{"href":"https:\/\/www.ceipmaestrorafaelbravomartin.es\/index.php?rest_route=\/wp\/v2\/posts\/45","targetHints":{"allow":["GET"]}}],"collection":[{"href":"https:\/\/www.ceipmaestrorafaelbravomartin.es\/index.php?rest_route=\/wp\/v2\/posts"}],"about":[{"href":"https:\/\/www.ceipmaestrorafaelbravomartin.es\/index.php?rest_route=\/wp\/v2\/types\/post"}],"author":[{"embeddable":true,"href":"https:\/\/www.ceipmaestrorafaelbravomartin.es\/index.php?rest_route=\/wp\/v2\/users\/4"}],"replies":[{"embeddable":true,"href":"https:\/\/www.ceipmaestrorafaelbravomartin.es\/index.php?rest_route=%2Fwp%2Fv2%2Fcomments&post=45"}],"version-history":[{"count":1,"href":"https:\/\/www.ceipmaestrorafaelbravomartin.es\/index.php?rest_route=\/wp\/v2\/posts\/45\/revisions"}],"predecessor-version":[{"id":976,"href":"https:\/\/www.ceipmaestrorafaelbravomartin.es\/index.php?rest_route=\/wp\/v2\/posts\/45\/revisions\/976"}],"wp:attachment":[{"href":"https:\/\/www.ceipmaestrorafaelbravomartin.es\/index.php?rest_route=%2Fwp%2Fv2%2Fmedia&parent=45"}],"wp:term":[{"taxonomy":"category","embeddable":true,"href":"https:\/\/www.ceipmaestrorafaelbravomartin.es\/index.php?rest_route=%2Fwp%2Fv2%2Fcategories&post=45"},{"taxonomy":"post_tag","embeddable":true,"href":"https:\/\/www.ceipmaestrorafaelbravomartin.es\/index.php?rest_route=%2Fwp%2Fv2%2Ftags&post=45"}],"curies":[{"name":"wp","href":"https:\/\/api.w.org\/{rel}","templated":true}]}}