{"id":48,"date":"2010-10-22T08:54:58","date_gmt":"2010-10-22T06:54:58","guid":{"rendered":"http:\/\/blogasuncion.es\/?p=48"},"modified":"2014-10-12T20:20:17","modified_gmt":"2014-10-12T18:20:17","slug":"el-pais-de-los-duendes","status":"publish","type":"post","link":"https:\/\/www.ceipmaestrorafaelbravomartin.es\/?p=48","title":{"rendered":"El pa\u00eds de los duendes"},"content":{"rendered":"<p>Llegaron al cr\u00e1ter de un volc\u00e1n,cuando se lo encontraron encadenaron una lucha fren\u00e9tica batalla que ganaron los hermanos.Llegaron al pueblo,estaba destrozado,el alcalde ,les dijo que Mart\u00edn hab\u00eda raptado a sus hijas:Nera, la mayor y Sara la menor.Fueron a buscarlas,llegaron a un territorio muy extra\u00f1o.Cuando estuvieron en el centro que parec\u00eda una mazmorra aislada&#8230;!BUUM! se escuch\u00f3 el gran mazo de Mart\u00edn y atrap\u00f3 a los hermanos.Mientras tanto la madre y el padre hab\u00edan llegado al pueblo con unos amigos de Jes\u00fas y Antonio.Pero tambi\u00e9n la madre y el padre hab\u00edan tra\u00eddo amigos y amigas suyas.Las madres se pusieron ha ordenar y limpiar el pueblo y los padres de alba\u00f1iles.Los amigos de los hermanos raptados fueron a la mazmorra,entraron antes de que Mart\u00edn los viera y soltaron a los hermanos que liberaron a las hijas del alcalde y se dispon\u00edan a luchar contra Mart\u00edn.Fu\u00e9 una batalla dura de roer pero la amistad siempre gana,derrotaron a Mart\u00edn y volvieron a su tama\u00f1o.Entonces dijo Antonio:-!Vamos a comprar unas cuantas pizzas y cenamos todos!.FIN<\/p>\n<p>&nbsp;<\/p>\n<p>\u00a0 \u00a0 \u00a0\u00a0 DE ANTONIO L. I. \u00a0 4A <a href=\"javascript:insertEmotion('smiley-cool.gif','lang_emotions_cool');\"><img loading=\"lazy\" decoding=\"async\" src=\"http:\/\/blogasuncion.es\/wp-content\/uploads\/2010\/10\/smiley-cool.gif\" border=\"0\" alt=\"Chulo\" title=\"Chulo\" width=\"18\" height=\"18\" \/><\/a><a href=\"javascript:insertEmotion('smiley-sealed.gif','lang_emotions_sealed');\"><img loading=\"lazy\" decoding=\"async\" src=\"http:\/\/blogasuncion.es\/wp-content\/uploads\/2010\/10\/smiley-sealed.gif\" border=\"0\" alt=\"Boca sellada\" title=\"Boca sellada\" width=\"18\" height=\"18\" \/><\/a><\/p>\n","protected":false},"excerpt":{"rendered":"<p>\u00c9rase una vez un ni\u00f1o llamado Antonio que fu\u00e9 con sus padres al bosque.Pero,un malvado gnomo llamado Mart\u00edn los encogi\u00f3 y los separ\u00f3.Varios d\u00edas se pasaron andando Jes\u00fas,el hermano de Antonio ,y el mismo Antonio en un grupo y su padre y su madre en la otra punta del sendero hasta que Jes\u00fas y Antonio llegaron a un muro que era la frontera de un pa\u00eds de duendes.Y cuando llegaron fueron bien atendidos,pero un d\u00eda les contaron que un gigante atacaba y dijeron los dos.!Lo venceremos!.\u00a0<\/p>\n","protected":false},"author":4,"featured_media":46,"comment_status":"closed","ping_status":"open","sticky":false,"template":"","format":"standard","meta":{"jetpack_post_was_ever_published":false,"_jetpack_newsletter_access":"","_jetpack_dont_email_post_to_subs":false,"_jetpack_newsletter_tier_id":0,"_jetpack_memberships_contains_paywalled_content":false,"_jetpack_memberships_contains_paid_content":false,"footnotes":""},"categories":[35],"tags":[60],"class_list":["post-48","post","type-post","status-publish","format-standard","has-post-thumbnail","hentry","category-creacion","tag-relatos"],"jetpack_featured_media_url":"https:\/\/www.ceipmaestrorafaelbravomartin.es\/wp-content\/uploads\/2010\/10\/smiley-cool.gif","jetpack_sharing_enabled":true,"jetpack_shortlink":"https:\/\/wp.me\/p9VlHp-M","jetpack-related-posts":[{"id":138,"url":"https:\/\/www.ceipmaestrorafaelbravomartin.es\/?p=138","url_meta":{"origin":48,"position":0},"title":"Nombre de nuestro Centro, por qu\u00e9 y desde cu\u00e1ndo.","author":"CEIP Maestro Rafael Bravo Mart\u00edn","date":"28 enero, 2011","format":false,"excerpt":"\u00a0\u00a0\u00a0 Para cualquier alcalare\u00f1o\/a no es extra\u00f1o el nombre de nuestro Centro, pues as\u00ed se llama la Patrona de Alcal\u00e1 del R\u00edo, no obstante la respuesta a las dos cuestiones planteadas las podemos encontrar en un Acta de Pleno del Ayuntamieno que resumida dice:\u00a0\u00a0 Sesi\u00f3n de Pleno del Ayuntamiento celebrada\u2026","rel":"","context":"En \u00abHistoria\u00bb","block_context":{"text":"Historia","link":"https:\/\/www.ceipmaestrorafaelbravomartin.es\/?cat=43"},"img":{"alt_text":"","src":"","width":0,"height":0},"classes":[]},{"id":68,"url":"https:\/\/www.ceipmaestrorafaelbravomartin.es\/?p=68","url_meta":{"origin":48,"position":1},"title":"Bob esponja y sus amigos y amigas","author":"CEIP Maestro Rafael Bravo Mart\u00edn","date":"26 octubre, 2010","format":false,"excerpt":"\u00a0\u00a0 Para los y las peques\u00a0Ya desde el curso pasado, las peripecias y aventuras de nuestro bob esponja, patricio, arenita, calamardo, el se\u00f1or cangrejo, plancton y demas personajes de este orignal serie entusuasma a ni\u00f1os y ni\u00f1as de nuestro colegio,Podemos destacar el alto grado de valores presentes en la serie,\u2026","rel":"","context":"En \u00abRecomendaciones\u00bb","block_context":{"text":"Recomendaciones","link":"https:\/\/www.ceipmaestrorafaelbravomartin.es\/?cat=22"},"img":{"alt_text":"","src":"https:\/\/i0.wp.com\/blogasuncion.es\/wp-content\/uploads\/2010\/10\/bob.jpg?resize=350%2C200","width":350,"height":200},"classes":[]},{"id":44,"url":"https:\/\/www.ceipmaestrorafaelbravomartin.es\/?p=44","url_meta":{"origin":48,"position":2},"title":"La Consejer\u00eda de Educaci\u00f3n y Vodafone ofertan acceso a Internet","author":"CEIP Maestro Rafael Bravo Mart\u00edn","date":"20 octubre, 2010","format":false,"excerpt":"Recojo una notica publicada en la web ANDATIC (Asociacion de profesionales de la Educaci\u00f3n con las TIC), de la cual soy colaborador.","rel":"","context":"En \u00abNoticias TIC\u00bb","block_context":{"text":"Noticias TIC","link":"https:\/\/www.ceipmaestrorafaelbravomartin.es\/?cat=19"},"img":{"alt_text":"","src":"","width":0,"height":0},"classes":[]},{"id":156,"url":"https:\/\/www.ceipmaestrorafaelbravomartin.es\/?p=156","url_meta":{"origin":48,"position":3},"title":"Estrenamos el Aula TIC Musical","author":"CEIP Maestro Rafael Bravo Mart\u00edn","date":"29 abril, 2011","format":false,"excerpt":"Tengo el placer de informarles de la inauguraci\u00f3n de un nuevo espacio virtual para el \u00e1rea de m\u00fasica, en el marco del Plan Escuela TIC 2.0. \u00a0 Se trata de un aula virtual dise\u00f1ada con la plataforma Moodle y que est\u00e1 dirigida al alumnado del 3er ciclo de primaria. Los\u2026","rel":"","context":"En \u00abNoticias TIC\u00bb","block_context":{"text":"Noticias TIC","link":"https:\/\/www.ceipmaestrorafaelbravomartin.es\/?cat=19"},"img":{"alt_text":"","src":"https:\/\/i0.wp.com\/www.ceipmaestrorafaelbravomartin.es\/wp-content\/uploads\/2011\/04\/aulavirtual.jpg?resize=350%2C200&ssl=1","width":350,"height":200,"srcset":"https:\/\/i0.wp.com\/www.ceipmaestrorafaelbravomartin.es\/wp-content\/uploads\/2011\/04\/aulavirtual.jpg?resize=350%2C200&ssl=1 1x, https:\/\/i0.wp.com\/www.ceipmaestrorafaelbravomartin.es\/wp-content\/uploads\/2011\/04\/aulavirtual.jpg?resize=525%2C300&ssl=1 1.5x, https:\/\/i0.wp.com\/www.ceipmaestrorafaelbravomartin.es\/wp-content\/uploads\/2011\/04\/aulavirtual.jpg?resize=700%2C400&ssl=1 2x, https:\/\/i0.wp.com\/www.ceipmaestrorafaelbravomartin.es\/wp-content\/uploads\/2011\/04\/aulavirtual.jpg?resize=1050%2C600&ssl=1 3x, https:\/\/i0.wp.com\/www.ceipmaestrorafaelbravomartin.es\/wp-content\/uploads\/2011\/04\/aulavirtual.jpg?resize=1400%2C800&ssl=1 4x"},"classes":[]},{"id":30,"url":"https:\/\/www.ceipmaestrorafaelbravomartin.es\/?p=30","url_meta":{"origin":48,"position":4},"title":"Tr\u00e1nsito Infantil-Primaria.","author":"CEIP Maestro Rafael Bravo Mart\u00edn","date":"15 octubre, 2010","format":false,"excerpt":"El Programa de Tr\u00e1nsito (entendido como paso de una etapa a otra) de Infantil a Primaria se incluye dentro del Plan de Acci\u00f3n Tutorial, incluido a su vez en el Plan Anual de Centro (PAC) seg\u00fan la Orden 16\/11\/2007, por la que se regula la organizaci\u00f3n de la orientaci\u00f3n y\u2026","rel":"","context":"En \u00abPlanes y programas\u00bb","block_context":{"text":"Planes y programas","link":"https:\/\/www.ceipmaestrorafaelbravomartin.es\/?cat=23"},"img":{"alt_text":"","src":"","width":0,"height":0},"classes":[]},{"id":187,"url":"https:\/\/www.ceipmaestrorafaelbravomartin.es\/?p=187","url_meta":{"origin":48,"position":5},"title":"Gu\u00eda  de Derechos y Responsabilidades de las Familias Andaluzas en la Educaci\u00f3n","author":"CEIP Maestro Rafael Bravo Mart\u00edn","date":"5 octubre, 2011","format":false,"excerpt":"\u00a0 \u00a0 \"No es f\u00e1cil ser padre o madre, nadie nos ense\u00f1a a serlo, sin embargo tenemos la convicci\u00f3n de que la educaci\u00f3n de nuestros hijos e hijas es la mejor inversi\u00f3n que podemos legarles\". \u00a0 \u00a0 Esta Gu\u00eda de Derechos y Responsabilidades de las Familias Andaluzas en Educaci\u00f3n, pretende\u2026","rel":"","context":"En \u00abEl centro\u00bb","block_context":{"text":"El centro","link":"https:\/\/www.ceipmaestrorafaelbravomartin.es\/?cat=10"},"img":{"alt_text":"","src":"","width":0,"height":0},"classes":[]}],"_links":{"self":[{"href":"https:\/\/www.ceipmaestrorafaelbravomartin.es\/index.php?rest_route=\/wp\/v2\/posts\/48","targetHints":{"allow":["GET"]}}],"collection":[{"href":"https:\/\/www.ceipmaestrorafaelbravomartin.es\/index.php?rest_route=\/wp\/v2\/posts"}],"about":[{"href":"https:\/\/www.ceipmaestrorafaelbravomartin.es\/index.php?rest_route=\/wp\/v2\/types\/post"}],"author":[{"embeddable":true,"href":"https:\/\/www.ceipmaestrorafaelbravomartin.es\/index.php?rest_route=\/wp\/v2\/users\/4"}],"replies":[{"embeddable":true,"href":"https:\/\/www.ceipmaestrorafaelbravomartin.es\/index.php?rest_route=%2Fwp%2Fv2%2Fcomments&post=48"}],"version-history":[{"count":1,"href":"https:\/\/www.ceipmaestrorafaelbravomartin.es\/index.php?rest_route=\/wp\/v2\/posts\/48\/revisions"}],"predecessor-version":[{"id":975,"href":"https:\/\/www.ceipmaestrorafaelbravomartin.es\/index.php?rest_route=\/wp\/v2\/posts\/48\/revisions\/975"}],"wp:featuredmedia":[{"embeddable":true,"href":"https:\/\/www.ceipmaestrorafaelbravomartin.es\/index.php?rest_route=\/wp\/v2\/media\/46"}],"wp:attachment":[{"href":"https:\/\/www.ceipmaestrorafaelbravomartin.es\/index.php?rest_route=%2Fwp%2Fv2%2Fmedia&parent=48"}],"wp:term":[{"taxonomy":"category","embeddable":true,"href":"https:\/\/www.ceipmaestrorafaelbravomartin.es\/index.php?rest_route=%2Fwp%2Fv2%2Fcategories&post=48"},{"taxonomy":"post_tag","embeddable":true,"href":"https:\/\/www.ceipmaestrorafaelbravomartin.es\/index.php?rest_route=%2Fwp%2Fv2%2Ftags&post=48"}],"curies":[{"name":"wp","href":"https:\/\/api.w.org\/{rel}","templated":true}]}}