{"id":557,"date":"2013-09-27T09:16:02","date_gmt":"2013-09-27T07:16:02","guid":{"rendered":"http:\/\/blogasuncion.es\/?p=557"},"modified":"2013-10-01T10:06:00","modified_gmt":"2013-10-01T08:06:00","slug":"personal-del-colegio-para-el-curso-2013-2014","status":"publish","type":"post","link":"https:\/\/www.ceipmaestrorafaelbravomartin.es\/?p=557","title":{"rendered":"Personal del Colegio para el curso 2013-2014"},"content":{"rendered":"<p>El profesorado del CEIP Maestro Rafael Bravo Mart\u00edn lo forman:<\/p>\n<p><strong>Educaci\u00f3n Infantil:<\/strong><\/p>\n<p>&#8211; 3 a\u00f1os A: Sara Guti\u00e9rrez R.\u00a0\u00a0\u00a0\u00a0\u00a0\u00a0\u00a0\u00a0\u00a0\u00a0\u00a0\u00a0\u00a0\u00a0\u00a0\u00a0\u00a0\u00a0\u00a0\u00a0\u00a0\u00a0\u00a0\u00a0\u00a0\u00a0\u00a0\u00a0\u00a0\u00a0\u00a0\u00a0\u00a0\u00a0\u00a0\u00a0 &#8211; 3 a\u00f1os B:\u00a0M\u00aa del Carmen\u00a0Mart\u00edn M.<\/p>\n<p>&#8211; 4 a\u00f1os A: Matilde Mart\u00edn M.\u00a0\u00a0\u00a0\u00a0\u00a0\u00a0\u00a0\u00a0\u00a0\u00a0\u00a0\u00a0\u00a0\u00a0\u00a0\u00a0\u00a0\u00a0\u00a0\u00a0\u00a0\u00a0\u00a0\u00a0\u00a0\u00a0\u00a0\u00a0\u00a0\u00a0\u00a0\u00a0\u00a0\u00a0\u00a0\u00a0\u00a0 &#8211; 4 a\u00f1os B: M\u00aa Luisa Henry Ben\u00edtez<\/p>\n<p>&#8211; 4 a\u00f1os C: Trinidad Fern\u00e1ndez G.\u00a0\u00a0\u00a0\u00a0\u00a0\u00a0\u00a0\u00a0\u00a0\u00a0\u00a0\u00a0\u00a0\u00a0\u00a0\u00a0\u00a0\u00a0\u00a0\u00a0\u00a0\u00a0\u00a0\u00a0\u00a0\u00a0\u00a0\u00a0\u00a0 &#8211; 5 a\u00f1os A: Remedios Rodr\u00edguez R.<\/p>\n<p>&#8211; 5 a\u00f1os B: Ricardo Naranjo H.\u00a0\u00a0\u00a0\u00a0\u00a0\u00a0\u00a0\u00a0\u00a0 \u00a0\u00a0\u00a0\u00a0\u00a0\u00a0\u00a0\u00a0\u00a0\u00a0\u00a0\u00a0\u00a0\u00a0\u00a0\u00a0\u00a0\u00a0\u00a0\u00a0\u00a0\u00a0\u00a0 \u00a0 &#8211; 5 a\u00f1os C: Ana M\u00aa Velasco M.<\/p>\n<p>&#8211; Ingl\u00e9s: Estefan\u00eda M\u00e1rquez A.\u00a0\u00a0\u00a0\u00a0\u00a0\u00a0\u00a0\u00a0\u00a0\u00a0\u00a0\u00a0\u00a0\u00a0\u00a0\u00a0\u00a0\u00a0\u00a0\u00a0\u00a0\u00a0\u00a0\u00a0\u00a0\u00a0\u00a0\u00a0\u00a0\u00a0\u00a0\u00a0\u00a0\u00a0\u00a0 &#8211; Religi\u00f3n: M\u00aa Luisa Gonz\u00e1lez L.<\/p>\n<p><strong>Educaci\u00f3n Primaria:<\/strong><\/p>\n<p>&#8211; 1\u00ba A: Tania Vargas R.\u00a0\u00a0\u00a0\u00a0\u00a0\u00a0\u00a0\u00a0\u00a0\u00a0\u00a0\u00a0\u00a0\u00a0\u00a0\u00a0\u00a0\u00a0\u00a0\u00a0\u00a0\u00a0\u00a0\u00a0\u00a0\u00a0\u00a0\u00a0\u00a0\u00a0\u00a0\u00a0\u00a0\u00a0\u00a0\u00a0\u00a0\u00a0\u00a0\u00a0\u00a0\u00a0\u00a0\u00a0\u00a0 &#8211; 1\u00ba B: Carlos Guerra L.<\/p>\n<p>&#8211; 1\u00ba C: Miriam Jim\u00e9nez L.\u00a0\u00a0\u00a0\u00a0\u00a0\u00a0\u00a0\u00a0\u00a0\u00a0\u00a0\u00a0\u00a0\u00a0\u00a0\u00a0\u00a0\u00a0\u00a0\u00a0\u00a0\u00a0\u00a0\u00a0\u00a0\u00a0\u00a0\u00a0\u00a0\u00a0\u00a0\u00a0\u00a0\u00a0\u00a0\u00a0\u00a0\u00a0\u00a0\u00a0\u00a0 &#8211; 1\u00ba D: Jos\u00e9 Miguel Bravo B.<\/p>\n<p>&#8211; 2\u00ba A:\u00a0Jos\u00e9 Palma C.\u00a0\u00a0\u00a0\u00a0\u00a0\u00a0\u00a0\u00a0\u00a0\u00a0\u00a0\u00a0\u00a0\u00a0\u00a0\u00a0\u00a0\u00a0\u00a0\u00a0\u00a0\u00a0\u00a0\u00a0\u00a0\u00a0\u00a0\u00a0\u00a0\u00a0\u00a0\u00a0\u00a0\u00a0\u00a0\u00a0\u00a0\u00a0\u00a0\u00a0\u00a0\u00a0\u00a0\u00a0\u00a0\u00a0\u00a0 &#8211; 2\u00ba B: M\u00aa Isabel\u00a0Moscoso A.<\/p>\n<p>&#8211; 3\u00ba A: Fernando Alguacil O.\u00a0\u00a0\u00a0\u00a0\u00a0\u00a0\u00a0\u00a0\u00a0\u00a0\u00a0\u00a0\u00a0\u00a0\u00a0\u00a0\u00a0\u00a0\u00a0\u00a0\u00a0\u00a0\u00a0\u00a0\u00a0\u00a0\u00a0\u00a0\u00a0\u00a0\u00a0\u00a0\u00a0\u00a0\u00a0\u00a0\u00a0 &#8211; 3\u00ba B:\u00a0Antonia Guardiola A.<\/p>\n<p>&#8211; 4\u00ba A: Inmaculada Rodr\u00edguez F.\u00a0\u00a0\u00a0\u00a0\u00a0\u00a0\u00a0\u00a0\u00a0\u00a0\u00a0\u00a0\u00a0\u00a0\u00a0\u00a0\u00a0\u00a0\u00a0\u00a0\u00a0\u00a0\u00a0\u00a0\u00a0\u00a0\u00a0\u00a0\u00a0\u00a0 &#8211; 4\u00ba B: Noelia Carrasco A.<\/p>\n<p>&#8211; 5\u00ba A: M\u00aa Jes\u00fas C\u00e1mara D.\u00a0\u00a0\u00a0\u00a0\u00a0\u00a0\u00a0\u00a0\u00a0\u00a0\u00a0\u00a0\u00a0\u00a0\u00a0\u00a0\u00a0\u00a0\u00a0\u00a0\u00a0\u00a0\u00a0\u00a0\u00a0\u00a0\u00a0\u00a0\u00a0\u00a0\u00a0\u00a0\u00a0\u00a0\u00a0\u00a0\u00a0 &#8211; 5\u00ba B: Antonio S\u00e1nchez G.<\/p>\n<p>&#8211; 6\u00ba A: Vicente Garc\u00eda A.\u00a0\u00a0\u00a0\u00a0\u00a0\u00a0\u00a0\u00a0\u00a0\u00a0\u00a0\u00a0\u00a0\u00a0\u00a0\u00a0\u00a0\u00a0\u00a0\u00a0\u00a0\u00a0\u00a0\u00a0\u00a0\u00a0\u00a0\u00a0\u00a0\u00a0\u00a0\u00a0\u00a0\u00a0\u00a0\u00a0\u00a0\u00a0\u00a0\u00a0\u00a0\u00a0\u00a0 &#8211; 6\u00ba B: Aurora Mart\u00edn A.<\/p>\n<p>&#8211; Apoyo: Purificaci\u00f3n Garc\u00eda C.\u00a0\u00a0\u00a0\u00a0\u00a0\u00a0\u00a0\u00a0\u00a0\u00a0\u00a0\u00a0\u00a0\u00a0\u00a0\u00a0\u00a0\u00a0\u00a0\u00a0\u00a0\u00a0\u00a0\u00a0\u00a0\u00a0\u00a0\u00a0\u00a0\u00a0\u00a0\u00a0 &#8211; Ingl\u00e9s: \u00c1ngeles Garc\u00eda V.<\/p>\n<p>&#8211; M\u00fasica: \u00c1ngela Castillo J.\u00a0\u00a0\u00a0\u00a0\u00a0\u00a0\u00a0\u00a0\u00a0\u00a0\u00a0\u00a0\u00a0\u00a0\u00a0\u00a0\u00a0\u00a0\u00a0\u00a0\u00a0\u00a0\u00a0\u00a0\u00a0\u00a0\u00a0\u00a0\u00a0\u00a0\u00a0\u00a0\u00a0\u00a0\u00a0\u00a0\u00a0\u00a0 &#8211; E. F\u00edsica (1): Mois\u00e9s Olmedo G.<\/p>\n<p>&#8211; E. F\u00edsica (2): Andr\u00e9s Torres M.\u00a0\u00a0\u00a0\u00a0\u00a0\u00a0\u00a0\u00a0\u00a0\u00a0\u00a0\u00a0\u00a0\u00a0\u00a0\u00a0\u00a0\u00a0\u00a0\u00a0\u00a0\u00a0\u00a0\u00a0\u00a0\u00a0\u00a0\u00a0\u00a0\u00a0 &#8211; Religi\u00f3n: Mercedes R\u00edos V.<\/p>\n<p>&#8211; Biling\u00fce sin tutor\u00eda: Inmaculada Pay\u00e1n G.\u00a0\u00a0\u00a0\u00a0\u00a0\u00a0\u00a0\u00a0\u00a0\u00a0\u00a0\u00a0\u00a0 &#8211; P.T.: Dolores Pay\u00e1n G.<\/p>\n<p>&#8211; A. I.: Olga Moreno L.\u00a0\u00a0\u00a0\u00a0\u00a0\u00a0\u00a0\u00a0\u00a0\u00a0\u00a0\u00a0\u00a0\u00a0\u00a0\u00a0\u00a0\u00a0\u00a0\u00a0\u00a0\u00a0\u00a0\u00a0\u00a0\u00a0\u00a0\u00a0\u00a0\u00a0\u00a0\u00a0\u00a0\u00a0\u00a0\u00a0\u00a0\u00a0\u00a0\u00a0\u00a0\u00a0\u00a0\u00a0\u00a0\u00a0\u00a0 &#8211; A y L: M\u00aa \u00c1ngeles Peinado R.<\/p>\n<p>&#8211; Auxiliar de conversaci\u00f3n: Natalie Silva.<\/p>\n<p><strong>PAS:<\/strong><\/p>\n<p>&#8211; Administrativa: M\u00aa Jos\u00e9 Vel\u00e1zquez R.\u00a0\u00a0\u00a0\u00a0\u00a0\u00a0\u00a0\u00a0\u00a0\u00a0\u00a0\u00a0\u00a0\u00a0\u00a0\u00a0\u00a0\u00a0\u00a0 &#8211; Educadora: M\u00aa Dolores Rom\u00e1n C.<\/p>\n<p><strong>ETCP (Equipo T\u00e9cnico de Coordinaci\u00f3n Pedag\u00f3gica)<\/strong> lo forman los coordinadores-as\u00a0de cada Ciclo. Para este curso son.<\/p>\n<p>&#8211; Infantil: Matilde Mart\u00edn M.<\/p>\n<p>&#8211; 1er Ciclo de Primaria: Jos\u00e9 Miguel Bravo<\/p>\n<p>&#8211; 2\u00ba Ciclo de Primaria: Antonia Guardiola<\/p>\n<p>&#8211; 3er Ciclo de Primaria: \u00c1ngeles Garc\u00eda<\/p>\n<p>&#8211; P.T.: Dolores Pay\u00e1n G.<\/p>\n<p>Tambi\u00e9n asisten al ETCP las Coordinadoras de TIC y\u00a0 de Biling\u00fcismo (Aurora Mart\u00edn y Noelia Carrasco, respectivamente)<\/p>\n<p><strong>Equipo Directivo.<\/strong><\/p>\n<p>&#8211; Secretario: Jos\u00e9 Palma<\/p>\n<p>&#8211; Jefe de Estudios: Mois\u00e9s Olmedo<\/p>\n<p>&#8211; Directora: M\u00aa Jes\u00fas C\u00e1mara<\/p>\n<p>&nbsp;<\/p>\n","protected":false},"excerpt":{"rendered":"<p>El profesorado del CEIP Maestro Rafael Bravo Mart\u00edn lo forman: Educaci\u00f3n Infantil: &#8211; 3 a\u00f1os A: Sara Guti\u00e9rrez R.\u00a0\u00a0\u00a0\u00a0\u00a0\u00a0\u00a0\u00a0\u00a0\u00a0\u00a0\u00a0\u00a0\u00a0\u00a0\u00a0\u00a0\u00a0\u00a0\u00a0\u00a0\u00a0\u00a0\u00a0\u00a0\u00a0\u00a0\u00a0\u00a0\u00a0\u00a0\u00a0\u00a0\u00a0\u00a0\u00a0 &#8211; 3 a\u00f1os B:\u00a0M\u00aa del Carmen\u00a0Mart\u00edn M. &#8211; 4 a\u00f1os A: Matilde Mart\u00edn M.\u00a0\u00a0\u00a0\u00a0\u00a0\u00a0\u00a0\u00a0\u00a0\u00a0\u00a0\u00a0\u00a0\u00a0\u00a0\u00a0\u00a0\u00a0\u00a0\u00a0\u00a0\u00a0\u00a0\u00a0\u00a0\u00a0\u00a0\u00a0\u00a0\u00a0\u00a0\u00a0\u00a0\u00a0\u00a0\u00a0\u00a0 &#8211; 4 a\u00f1os B: M\u00aa Luisa Henry Ben\u00edtez &#8211; 4 a\u00f1os C: Trinidad Fern\u00e1ndez G.\u00a0\u00a0\u00a0\u00a0\u00a0\u00a0\u00a0\u00a0\u00a0\u00a0\u00a0\u00a0\u00a0\u00a0\u00a0\u00a0\u00a0\u00a0\u00a0\u00a0\u00a0\u00a0\u00a0\u00a0\u00a0\u00a0\u00a0\u00a0\u00a0 &#8211; 5 [&hellip;]<\/p>\n","protected":false},"author":4,"featured_media":0,"comment_status":"closed","ping_status":"closed","sticky":false,"template":"","format":"standard","meta":{"jetpack_post_was_ever_published":false,"_jetpack_newsletter_access":"","_jetpack_dont_email_post_to_subs":false,"_jetpack_newsletter_tier_id":0,"_jetpack_memberships_contains_paywalled_content":false,"_jetpack_memberships_contains_paid_content":false,"footnotes":""},"categories":[10,20,2],"tags":[],"class_list":["post-557","post","type-post","status-publish","format-standard","hentry","category-centro","category-info-biblioteca","category-info"],"jetpack_featured_media_url":"","jetpack_sharing_enabled":true,"jetpack_shortlink":"https:\/\/wp.me\/p9VlHp-8Z","jetpack-related-posts":[{"id":173,"url":"https:\/\/www.ceipmaestrorafaelbravomartin.es\/?p=173","url_meta":{"origin":557,"position":0},"title":"Organigrama Curso Escolar 2012\/13","author":"CEIP Maestro Rafael Bravo Mart\u00edn","date":"2 septiembre, 2012","format":false,"excerpt":"En el Claustro celebrado el d\u00eda 3 de septiembre de 2012 qued\u00f3 establecido el organigrama para el curso escolar 2012\/13, siendo el que se describe a continuaci\u00f3n: INFANTIL 3 a\u00f1os A: Matilde Mart\u00edn Ma\u00f1ero. 3 a\u00f1os B: M\u00aa Luisa Henry Ben\u00edtez. 3 a\u00f1os C: Pilar Bernal Ballesteros. 4 a\u00f1os A:\u2026","rel":"","context":"En \u00abClaustro\u00bb","block_context":{"text":"Claustro","link":"https:\/\/www.ceipmaestrorafaelbravomartin.es\/?cat=11"},"img":{"alt_text":"","src":"","width":0,"height":0},"classes":[]},{"id":1201,"url":"https:\/\/www.ceipmaestrorafaelbravomartin.es\/?p=1201","url_meta":{"origin":557,"position":1},"title":"Organigrama curso 2015\/2016.","author":"CEIP Maestro Rafael Bravo Mart\u00edn","date":"1 octubre, 2015","format":false,"excerpt":"Como todos los a\u00f1os, comenzamos un nuevo curso escolar con muchas ganas e ilusi\u00f3n por nuestro trabajo. En esta ocasi\u00f3n el equipo humano encargado de realizar la labor de ense\u00f1ar a los ni\u00f1os\/as de nuestro\u00a0colegio es el siguiente: Educaci\u00f3n Infantil. Beatriz Ayll\u00f3n. Rosario Duarte. Mar\u00eda Trinidad Fern\u00e1ndez. Mar\u00eda del Valme\u2026","rel":"","context":"En \u00abEl centro\u00bb","block_context":{"text":"El centro","link":"https:\/\/www.ceipmaestrorafaelbravomartin.es\/?cat=10"},"img":{"alt_text":"","src":"","width":0,"height":0},"classes":[]},{"id":324,"url":"https:\/\/www.ceipmaestrorafaelbravomartin.es\/?p=324","url_meta":{"origin":557,"position":2},"title":"1\u00aa VERBENA \u00abMAESTRO RAFAEL BRAVO\u00bb","author":"CEIP Maestro Rafael Bravo Mart\u00edn","date":"20 junio, 2013","format":false,"excerpt":"El viernes 21 de junio de 2013, os esperamos a todos y a todas en las pistas de nuestro cole. Celebramos la 1\u00aa Verbena \"Maestro Rafael Bravo\" A las 21:30 h. \u00a0\u00a0 ORDEN DE ACTUACIONES: 3 A\u00d1OS A: \"Vacaciones de verano\"\u00a0\u00a0\u00a0\u00a0\u00a0\u00a0\u00a0\u00a0\u00a0\u00a0\u00a0\u00a0\u00a0\u00a0\u00a0\u00a0\u00a0\u00a0\u00a0 3 A\u00d1OS B: \"Verano, verano\"\u00a0\u00a0\u00a0\u00a0\u00a0\u00a0\u00a0\u00a0\u00a0\u00a0\u00a0\u00a0\u00a0\u00a0\u00a0\u00a0\u00a0\u00a0\u00a0\u00a0\u00a0\u00a0\u00a0\u00a0\u00a0\u00a0\u00a0\u00a0\u00a0\u00a0\u00a0 3 A\u00d1OS C: \"El\u2026","rel":"","context":"En \u00abEl centro\u00bb","block_context":{"text":"El centro","link":"https:\/\/www.ceipmaestrorafaelbravomartin.es\/?cat=10"},"img":{"alt_text":"","src":"","width":0,"height":0},"classes":[]},{"id":150,"url":"https:\/\/www.ceipmaestrorafaelbravomartin.es\/?p=150","url_meta":{"origin":557,"position":3},"title":"PROFESORADO DEL CENTRO DESDE EL CURSO 1981\/82","author":"CEIP Maestro Rafael Bravo Mart\u00edn","date":"8 junio, 2011","format":false,"excerpt":"\u00a0\u00a0\u00a0 Tras el art\u00edculo sobre los Equipos Directivos, para el que el trabajo fotogr\u00e1fico ha sido aportado por D\u00aa Aurora Mart\u00edn, publicamos ahora el listado del profesorado que ha desempe\u00f1ado su labor profesional en el Centro desde el curso 1981\/82.","rel":"","context":"En \u00abHistoria\u00bb","block_context":{"text":"Historia","link":"https:\/\/www.ceipmaestrorafaelbravomartin.es\/?cat=43"},"img":{"alt_text":"","src":"","width":0,"height":0},"classes":[]},{"id":580,"url":"https:\/\/www.ceipmaestrorafaelbravomartin.es\/?p=580","url_meta":{"origin":557,"position":4},"title":"Nueva denominaci\u00f3n CEIP Maestro Rafael Bravo Mart\u00edn","author":"CEIP Maestro Rafael Bravo Mart\u00edn","date":"10 octubre, 2013","format":false,"excerpt":"El d\u00eda 29 de enero de 2013, en sesi\u00f3n extraordinaria de Consejo Escolar celebrada tras el fallecimiento de Don Rafael Bravo Mart\u00edn, se aprob\u00f3 por unanimidad solicitar al Excelent\u00edsimo Ayuntamiento de Alcal\u00e1 del R\u00edo que el CEIP Ntra Sra de la Asunci\u00f3n pasara a llamarse CEIP Maestro Rafael Bravo Mart\u00edn\u2026","rel":"","context":"En \u00abHistoria\u00bb","block_context":{"text":"Historia","link":"https:\/\/www.ceipmaestrorafaelbravomartin.es\/?cat=43"},"img":{"alt_text":"","src":"","width":0,"height":0},"classes":[]},{"id":1182,"url":"https:\/\/www.ceipmaestrorafaelbravomartin.es\/?p=1182","url_meta":{"origin":557,"position":5},"title":"Comenzamos el nuevo curso.","author":"CEIP Maestro Rafael Bravo Mart\u00edn","date":"7 septiembre, 2015","format":false,"excerpt":"El pr\u00f3ximo jueves 10 de septiembre, tendr\u00e1 lugar la Presentaci\u00f3n del curso 2015\/2016. La entrada al centro comenzar\u00e1 con una bienvenida en el patio \"Antonio Mill\u00e1n Ruvira\" a las 12:30 horas. Dicho acto ser\u00e1 realizado por la directora, as\u00ed como por la coordinadora de biling\u00fcismo. A continuaci\u00f3n la presentaci\u00f3n por\u2026","rel":"","context":"En \u00abEventos\u00bb","block_context":{"text":"Eventos","link":"https:\/\/www.ceipmaestrorafaelbravomartin.es\/?cat=103"},"img":{"alt_text":"","src":"","width":0,"height":0},"classes":[]}],"_links":{"self":[{"href":"https:\/\/www.ceipmaestrorafaelbravomartin.es\/index.php?rest_route=\/wp\/v2\/posts\/557","targetHints":{"allow":["GET"]}}],"collection":[{"href":"https:\/\/www.ceipmaestrorafaelbravomartin.es\/index.php?rest_route=\/wp\/v2\/posts"}],"about":[{"href":"https:\/\/www.ceipmaestrorafaelbravomartin.es\/index.php?rest_route=\/wp\/v2\/types\/post"}],"author":[{"embeddable":true,"href":"https:\/\/www.ceipmaestrorafaelbravomartin.es\/index.php?rest_route=\/wp\/v2\/users\/4"}],"replies":[{"embeddable":true,"href":"https:\/\/www.ceipmaestrorafaelbravomartin.es\/index.php?rest_route=%2Fwp%2Fv2%2Fcomments&post=557"}],"version-history":[{"count":7,"href":"https:\/\/www.ceipmaestrorafaelbravomartin.es\/index.php?rest_route=\/wp\/v2\/posts\/557\/revisions"}],"predecessor-version":[{"id":563,"href":"https:\/\/www.ceipmaestrorafaelbravomartin.es\/index.php?rest_route=\/wp\/v2\/posts\/557\/revisions\/563"}],"wp:attachment":[{"href":"https:\/\/www.ceipmaestrorafaelbravomartin.es\/index.php?rest_route=%2Fwp%2Fv2%2Fmedia&parent=557"}],"wp:term":[{"taxonomy":"category","embeddable":true,"href":"https:\/\/www.ceipmaestrorafaelbravomartin.es\/index.php?rest_route=%2Fwp%2Fv2%2Fcategories&post=557"},{"taxonomy":"post_tag","embeddable":true,"href":"https:\/\/www.ceipmaestrorafaelbravomartin.es\/index.php?rest_route=%2Fwp%2Fv2%2Ftags&post=557"}],"curies":[{"name":"wp","href":"https:\/\/api.w.org\/{rel}","templated":true}]}}