{"id":582,"date":"2013-10-09T23:28:53","date_gmt":"2013-10-09T21:28:53","guid":{"rendered":"http:\/\/blogasuncion.es\/?p=582"},"modified":"2014-10-12T12:58:14","modified_gmt":"2014-10-12T10:58:14","slug":"maestro-rafael-bravo-martin","status":"publish","type":"post","link":"https:\/\/www.ceipmaestrorafaelbravomartin.es\/?p=582","title":{"rendered":"Maestro RAFAEL BRAVO MART\u00cdN"},"content":{"rendered":"<p style=\"text-align: center;\">Ayer 8 de octubre , se llev\u00f3 a cabo el acto de reconocimiento a la labor realizada por nuestro compa\u00f1ero y director RAFAEL BRAVO MART\u00cdN.<\/p>\n<p style=\"text-align: center;\">De dicho evento queremos dejar constancia con el siguiente reportaje:<\/p>\n<p>\u00a0<iframe loading=\"lazy\" src=\"\/\/www.youtube.com\/embed\/Mb_zl2MNvX4?rel=0\" height=\"480\" width=\"640\" allowfullscreen=\"\" frameborder=\"0\"><\/iframe><\/p>\n","protected":false},"excerpt":{"rendered":"<p>Ayer 8 de octubre , se llev\u00f3 a cabo el acto de reconocimiento a la labor realizada por nuestro compa\u00f1ero y director RAFAEL BRAVO MART\u00cdN. De dicho evento queremos dejar constancia con el siguiente reportaje: \u00a0<\/p>\n","protected":false},"author":4,"featured_media":0,"comment_status":"closed","ping_status":"closed","sticky":false,"template":"","format":"standard","meta":{"jetpack_post_was_ever_published":false,"_jetpack_newsletter_access":"","_jetpack_dont_email_post_to_subs":false,"_jetpack_newsletter_tier_id":0,"_jetpack_memberships_contains_paywalled_content":false,"_jetpack_memberships_contains_paid_content":false,"footnotes":""},"categories":[24,3],"tags":[],"class_list":["post-582","post","type-post","status-publish","format-standard","hentry","category-c59-dedicatorias","category-noticiero"],"jetpack_featured_media_url":"","jetpack_sharing_enabled":true,"jetpack_shortlink":"https:\/\/wp.me\/p9VlHp-9o","jetpack-related-posts":[{"id":489,"url":"https:\/\/www.ceipmaestrorafaelbravomartin.es\/?p=489","url_meta":{"origin":582,"position":0},"title":"C.E.I.P. Maestro Rafael Bravo Mart\u00edn","author":"CEIP Maestro Rafael Bravo Mart\u00edn","date":"3 septiembre, 2013","format":false,"excerpt":"En el Bolet\u00edn Oficial de la Junta de Andaluc\u00eda, con\u00a0 fecha 14 de agosto de 2013, n\u00ba 159, p\u00e1gina 132, ANEXO II (previa solicitud del Consejo Escolar del Centro y aprobado por el Pleno del Ayuntamientro), aparece reflejada la \"nueva denominaci\u00f3n espec\u00edfica\" de nuestro Centro, siendo desde dicha fecha: MAESTRO\u2026","rel":"","context":"En \u00abEl centro\u00bb","block_context":{"text":"El centro","link":"https:\/\/www.ceipmaestrorafaelbravomartin.es\/?cat=10"},"img":{"alt_text":"","src":"","width":0,"height":0},"classes":[]},{"id":580,"url":"https:\/\/www.ceipmaestrorafaelbravomartin.es\/?p=580","url_meta":{"origin":582,"position":1},"title":"Nueva denominaci\u00f3n CEIP Maestro Rafael Bravo Mart\u00edn","author":"CEIP Maestro Rafael Bravo Mart\u00edn","date":"10 octubre, 2013","format":false,"excerpt":"El d\u00eda 29 de enero de 2013, en sesi\u00f3n extraordinaria de Consejo Escolar celebrada tras el fallecimiento de Don Rafael Bravo Mart\u00edn, se aprob\u00f3 por unanimidad solicitar al Excelent\u00edsimo Ayuntamiento de Alcal\u00e1 del R\u00edo que el CEIP Ntra Sra de la Asunci\u00f3n pasara a llamarse CEIP Maestro Rafael Bravo Mart\u00edn\u2026","rel":"","context":"En \u00abHistoria\u00bb","block_context":{"text":"Historia","link":"https:\/\/www.ceipmaestrorafaelbravomartin.es\/?cat=43"},"img":{"alt_text":"","src":"","width":0,"height":0},"classes":[]},{"id":3491,"url":"https:\/\/www.ceipmaestrorafaelbravomartin.es\/?p=3491","url_meta":{"origin":582,"position":2},"title":"Reuniones pedag\u00f3gicas iniciales","author":"CEIP Maestro Rafael Bravo Mart\u00edn","date":"1 octubre, 2024","format":false,"excerpt":"Estimadas familias, El pr\u00f3ximo martes 15 de octubre tendremos la reuni\u00f3n pedag\u00f3gica inicial con las familias, a la que nos complace invitaros. La reuniones se llevar\u00e1n a cabo en la clase de su hijo\/a con el siguiente horario: 6\u00ba de Primaria: 16:00 5\u00ba de Primaria: 16:15 4\u00ba de Primaria: 16:30\u2026","rel":"","context":"En \u00abInformaci\u00f3n\u00bb","block_context":{"text":"Informaci\u00f3n","link":"https:\/\/www.ceipmaestrorafaelbravomartin.es\/?cat=20"},"img":{"alt_text":"","src":"","width":0,"height":0},"classes":[]},{"id":2906,"url":"https:\/\/www.ceipmaestrorafaelbravomartin.es\/?p=2906","url_meta":{"origin":582,"position":3},"title":"Reportaje fotogr\u00e1fico de nuestro centro.","author":"CEIP Maestro Rafael Bravo Mart\u00edn","date":"23 noviembre, 2020","format":false,"excerpt":"Nos complace mucho presentaros el siguiente reportaje fotogr\u00e1fico, este ha sido realizado por el fot\u00f3grafo Fernando Alda. Pod\u00e9is encontrar fotograf\u00edas de nuestro colegio realizadas con mucho gusto y que esperemos os gusten tanto como a nosotros. Un saludo a todos\/as. http:\/\/www.fernandoalda.com\/en\/works\/architecture\/1295\/ceip-maestro-rafael-bravo-marti%EF%BF%BDn","rel":"","context":"En \u00abInformaci\u00f3n\u00bb","block_context":{"text":"Informaci\u00f3n","link":"https:\/\/www.ceipmaestrorafaelbravomartin.es\/?cat=20"},"img":{"alt_text":"","src":"","width":0,"height":0},"classes":[]},{"id":99,"url":"https:\/\/www.ceipmaestrorafaelbravomartin.es\/?p=99","url_meta":{"origin":582,"position":4},"title":"Consejo Escolar constituido en Noviembre de 2010","author":"CEIP Maestro Rafael Bravo Mart\u00edn","date":"3 diciembre, 2010","format":false,"excerpt":"En el Consejo Escolar celebrado el d\u00eda 30 de noviembre de 2010 se constituy\u00f3 el citado \u00f3rgano y las Comisiones establecidas por ley, quedando como sigue: 1. CONSEJO ESCOLAR Sector padres\/madres: Bernal Morales, Rafael Jes\u00fas. Bernal Morales, Trinidad. Chamorro Jim\u00e9nez, Ana Mar\u00eda. Chamorro Jim\u00e9nez, Dolores. Fern\u00e1ndez Calandria, Jos\u00e9 M\u00aa. Fern\u00e1ndez\u2026","rel":"","context":"En \u00abConsejo escolar\u00bb","block_context":{"text":"Consejo escolar","link":"https:\/\/www.ceipmaestrorafaelbravomartin.es\/?cat=12"},"img":{"alt_text":"","src":"","width":0,"height":0},"classes":[]},{"id":1104,"url":"https:\/\/www.ceipmaestrorafaelbravomartin.es\/?p=1104","url_meta":{"origin":582,"position":5},"title":"Beatriz Bravo","author":"CEIP Maestro Rafael Bravo Mart\u00edn","date":"16 abril, 2015","format":false,"excerpt":"El pasado mi\u00e9rcoles 15 de abril, con motivo de la celebraci\u00f3n de las Jornadas Culturales de este curso 2014\/15, tuvimos el placer de disfrutar en nuestro centro de la aportaci\u00f3n que a dichas jornadas ha hecho\u00a0 BEATRIZ BRAVO ZAMBRANO. Deportista de \u00e9lite e hija de nuestro gran amigo, compa\u00f1ero, maestro\u2026","rel":"","context":"En \u00abEventos\u00bb","block_context":{"text":"Eventos","link":"https:\/\/www.ceipmaestrorafaelbravomartin.es\/?cat=103"},"img":{"alt_text":"","src":"","width":0,"height":0},"classes":[]}],"_links":{"self":[{"href":"https:\/\/www.ceipmaestrorafaelbravomartin.es\/index.php?rest_route=\/wp\/v2\/posts\/582","targetHints":{"allow":["GET"]}}],"collection":[{"href":"https:\/\/www.ceipmaestrorafaelbravomartin.es\/index.php?rest_route=\/wp\/v2\/posts"}],"about":[{"href":"https:\/\/www.ceipmaestrorafaelbravomartin.es\/index.php?rest_route=\/wp\/v2\/types\/post"}],"author":[{"embeddable":true,"href":"https:\/\/www.ceipmaestrorafaelbravomartin.es\/index.php?rest_route=\/wp\/v2\/users\/4"}],"replies":[{"embeddable":true,"href":"https:\/\/www.ceipmaestrorafaelbravomartin.es\/index.php?rest_route=%2Fwp%2Fv2%2Fcomments&post=582"}],"version-history":[{"count":4,"href":"https:\/\/www.ceipmaestrorafaelbravomartin.es\/index.php?rest_route=\/wp\/v2\/posts\/582\/revisions"}],"predecessor-version":[{"id":832,"href":"https:\/\/www.ceipmaestrorafaelbravomartin.es\/index.php?rest_route=\/wp\/v2\/posts\/582\/revisions\/832"}],"wp:attachment":[{"href":"https:\/\/www.ceipmaestrorafaelbravomartin.es\/index.php?rest_route=%2Fwp%2Fv2%2Fmedia&parent=582"}],"wp:term":[{"taxonomy":"category","embeddable":true,"href":"https:\/\/www.ceipmaestrorafaelbravomartin.es\/index.php?rest_route=%2Fwp%2Fv2%2Fcategories&post=582"},{"taxonomy":"post_tag","embeddable":true,"href":"https:\/\/www.ceipmaestrorafaelbravomartin.es\/index.php?rest_route=%2Fwp%2Fv2%2Ftags&post=582"}],"curies":[{"name":"wp","href":"https:\/\/api.w.org\/{rel}","templated":true}]}}