{"id":616,"date":"2013-12-03T13:19:43","date_gmt":"2013-12-03T12:19:43","guid":{"rendered":"http:\/\/blogasuncion.es\/?p=616"},"modified":"2014-10-12T12:57:35","modified_gmt":"2014-10-12T10:57:35","slug":"6-de-diciembre-de-2013","status":"publish","type":"post","link":"https:\/\/www.ceipmaestrorafaelbravomartin.es\/?p=616","title":{"rendered":"6 DE DICIEMBRE DE 2013"},"content":{"rendered":"<p style=\"text-align: center;\">Con motivo de la celebraci\u00f3n del D\u00eda de la Constituci\u00f3n, se llev\u00f3 a cabo el pasado jueves 5 de diciembre la lectura de varios art\u00edculos de la misma por un grupo de alumnas y alumnos de los distintos niveles desde Infantil de 5 a\u00f1os hasta 6\u00ba de Primaria, despu\u00e9s de la cual se escuch\u00f3 el Himno.<\/p>\n<p><iframe loading=\"lazy\" src=\"\/\/www.youtube.com\/embed\/Tk4aGqIlG90?rel=0\" height=\"315\" width=\"560\" allowfullscreen=\"\" frameborder=\"0\"><\/iframe><\/p>\n<p style=\"text-align: center;\">Como trabajo previo, hemos realizado el an\u00e1lisis y debate de los art\u00edculos seleccionados por el ETCP en cada aula, adaptando el mismo a las edades del alumnado.<\/p>\n<p style=\"text-align: center;\">Adem\u00e1s, ayer grabamos en el aula la misma lectura en espa\u00f1ol e ingl\u00e9s, que el pr\u00f3ximo jueves se har\u00e1 en el patio \u00abAntonio Mill\u00e1n Ruvira\u00bb.<\/p>\n<p style=\"text-align: center;\">De la lectura antes citada, dejamos constancia en el siguiente v\u00eddeo.<\/p>\n<p><iframe loading=\"lazy\" src=\"\/\/www.youtube.com\/embed\/VBAo-u3HbDw?rel=0\" height=\"315\" width=\"560\" allowfullscreen=\"\" frameborder=\"0\"><\/iframe><\/p>\n<p style=\"text-align: right;\">La Coordinadora TIC<\/p>\n","protected":false},"excerpt":{"rendered":"<p>Con motivo de la celebraci\u00f3n del D\u00eda de la Constituci\u00f3n, se llev\u00f3 a cabo el pasado jueves 5 de diciembre la lectura de varios art\u00edculos de la misma por un grupo de alumnas y alumnos de los distintos niveles desde Infantil de 5 a\u00f1os hasta 6\u00ba de Primaria, despu\u00e9s de [&hellip;]<\/p>\n","protected":false},"author":4,"featured_media":0,"comment_status":"closed","ping_status":"closed","sticky":false,"template":"","format":"standard","meta":{"jetpack_post_was_ever_published":false,"_jetpack_newsletter_access":"","_jetpack_dont_email_post_to_subs":false,"_jetpack_newsletter_tier_id":0,"_jetpack_memberships_contains_paywalled_content":false,"_jetpack_memberships_contains_paid_content":false,"footnotes":""},"categories":[10,2,38],"tags":[],"class_list":["post-616","post","type-post","status-publish","format-standard","hentry","category-centro","category-info","category-c85-tic"],"jetpack_featured_media_url":"","jetpack_sharing_enabled":true,"jetpack_shortlink":"https:\/\/wp.me\/p9VlHp-9W","jetpack-related-posts":[{"id":1463,"url":"https:\/\/www.ceipmaestrorafaelbravomartin.es\/?p=1463","url_meta":{"origin":616,"position":0},"title":"Matriculaci\u00f3n curso 2016-2017","author":"CEIP Maestro Rafael Bravo Mart\u00edn","date":"25 mayo, 2016","format":false,"excerpt":"CURSO 2016-2017 HOJA DE MATRICULACI\u00d3N\u00a0 (que ya ha sido repartida al alumnado) Deber\u00e1 ser entregada al tutor\/a de su hijo\/a antes del Martes, d\u00eda 31 de Mayo. AULA MATINAL El plazo para solicitar plaza en el Aula Matinal es del 1 al 8 de Junio, ambos inclusive. El horario de\u2026","rel":"","context":"En \u00abEl centro\u00bb","block_context":{"text":"El centro","link":"https:\/\/www.ceipmaestrorafaelbravomartin.es\/?cat=10"},"img":{"alt_text":"","src":"","width":0,"height":0},"classes":[]},{"id":1034,"url":"https:\/\/www.ceipmaestrorafaelbravomartin.es\/?p=1034","url_meta":{"origin":616,"position":1},"title":"SEIS DE DICIEMBRE","author":"CEIP Maestro Rafael Bravo Mart\u00edn","date":"5 diciembre, 2014","format":false,"excerpt":"El 6 de diciembre de 1978 el Pueblo Espa\u00f1ol ratific\u00f3 en Refer\u00e9ndum la Constituci\u00f3n Espa\u00f1ola,la norma m\u00e1s importante de todos los espa\u00f1oles y a la que deben someterse todas las dem\u00e1s leyes: Para que os resulte m\u00e1s comprensible: Durante el d\u00eda 5 de diciembre de 2014, podremos leer y comentar\u2026","rel":"","context":"En \u00abEl centro\u00bb","block_context":{"text":"El centro","link":"https:\/\/www.ceipmaestrorafaelbravomartin.es\/?cat=10"},"img":{"alt_text":"","src":"","width":0,"height":0},"classes":[]},{"id":610,"url":"https:\/\/www.ceipmaestrorafaelbravomartin.es\/?p=610","url_meta":{"origin":616,"position":2},"title":"SEIS DE DICIEMBRE","author":"CEIP Maestro Rafael Bravo Mart\u00edn","date":"27 noviembre, 2013","format":false,"excerpt":"El 6 de diciembre de 1978 el Pueblo Espa\u00f1ol ratific\u00f3 en Refer\u00e9ndum la Constituci\u00f3n Espa\u00f1ola, la norma m\u00e1s importante de todos los espa\u00f1oles y a la que deben someterse todas las dem\u00e1s leyes: \u00a0 Para que os resulte m\u00e1s comprensible: Durante el d\u00eda 5 de diciembre de 2013, podremos leer\u2026","rel":"","context":"En \u00abEl centro\u00bb","block_context":{"text":"El centro","link":"https:\/\/www.ceipmaestrorafaelbravomartin.es\/?cat=10"},"img":{"alt_text":"","src":"https:\/\/i0.wp.com\/1.bp.blogspot.com\/-BJSYGhogNXM\/UL8OfL-mPQI\/AAAAAAAAC3w\/yIyTGG1Ym7k\/s400\/Pantallazo.jpg?resize=350%2C200","width":350,"height":200},"classes":[]},{"id":1182,"url":"https:\/\/www.ceipmaestrorafaelbravomartin.es\/?p=1182","url_meta":{"origin":616,"position":3},"title":"Comenzamos el nuevo curso.","author":"CEIP Maestro Rafael Bravo Mart\u00edn","date":"7 septiembre, 2015","format":false,"excerpt":"El pr\u00f3ximo jueves 10 de septiembre, tendr\u00e1 lugar la Presentaci\u00f3n del curso 2015\/2016. La entrada al centro comenzar\u00e1 con una bienvenida en el patio \"Antonio Mill\u00e1n Ruvira\" a las 12:30 horas. Dicho acto ser\u00e1 realizado por la directora, as\u00ed como por la coordinadora de biling\u00fcismo. A continuaci\u00f3n la presentaci\u00f3n por\u2026","rel":"","context":"En \u00abEventos\u00bb","block_context":{"text":"Eventos","link":"https:\/\/www.ceipmaestrorafaelbravomartin.es\/?cat=103"},"img":{"alt_text":"","src":"","width":0,"height":0},"classes":[]},{"id":101,"url":"https:\/\/www.ceipmaestrorafaelbravomartin.es\/?p=101","url_meta":{"origin":616,"position":4},"title":"Divi\u00e9rtete en el museo","author":"CEIP Maestro Rafael Bravo Mart\u00edn","date":"9 diciembre, 2010","format":false,"excerpt":"Si quieres pasar un buen rato en familia y adem\u00e1s conocer de forma divertida los restos paleontol\u00f3gicos y arqueol\u00f3gicos hallados en La Rinconada no dudes en visitar el Museo de la Rinconada.","rel":"","context":"En \u00abAyuntamiento\u00bb","block_context":{"text":"Ayuntamiento","link":"https:\/\/www.ceipmaestrorafaelbravomartin.es\/?cat=13"},"img":{"alt_text":"","src":"https:\/\/i0.wp.com\/www.ceipmaestrorafaelbravomartin.es\/wp-content\/uploads\/2010\/12\/diviertete%20en%20el%20museo.png?resize=350%2C200&ssl=1","width":350,"height":200},"classes":[]},{"id":2035,"url":"https:\/\/www.ceipmaestrorafaelbravomartin.es\/?p=2035","url_meta":{"origin":616,"position":5},"title":"D\u00cdA INTERNACIONAL DE LA MUJER Y LA NI\u00d1A EN LA CIENCIA","author":"CEIP Maestro Rafael Bravo Mart\u00edn","date":"8 febrero, 2020","format":false,"excerpt":"En la actualidad, las mujeres y ni\u00f1as encuentran barreras de muchos tipos, a veces muy sutiles, que dificultan su presencia en la ciencia. El 15 de diciembre de 2015 la Asamblea General de las Naciones Unidas proclam\u00f3 el 11 de febrero\u00a0D\u00eda Internacional de la Mujer y la Ni\u00f1a en la\u2026","rel":"","context":"En \u00abCoeducaci\u00f3n\u00bb","block_context":{"text":"Coeducaci\u00f3n","link":"https:\/\/www.ceipmaestrorafaelbravomartin.es\/?cat=114"},"img":{"alt_text":"","src":"https:\/\/i0.wp.com\/www.ceipmaestrorafaelbravomartin.es\/wp-content\/uploads\/2020\/02\/Cartel-Isabel-Fern%C3%A1ndez.jpg?resize=350%2C200&ssl=1","width":350,"height":200,"srcset":"https:\/\/i0.wp.com\/www.ceipmaestrorafaelbravomartin.es\/wp-content\/uploads\/2020\/02\/Cartel-Isabel-Fern%C3%A1ndez.jpg?resize=350%2C200&ssl=1 1x, https:\/\/i0.wp.com\/www.ceipmaestrorafaelbravomartin.es\/wp-content\/uploads\/2020\/02\/Cartel-Isabel-Fern%C3%A1ndez.jpg?resize=525%2C300&ssl=1 1.5x, https:\/\/i0.wp.com\/www.ceipmaestrorafaelbravomartin.es\/wp-content\/uploads\/2020\/02\/Cartel-Isabel-Fern%C3%A1ndez.jpg?resize=700%2C400&ssl=1 2x, https:\/\/i0.wp.com\/www.ceipmaestrorafaelbravomartin.es\/wp-content\/uploads\/2020\/02\/Cartel-Isabel-Fern%C3%A1ndez.jpg?resize=1050%2C600&ssl=1 3x, https:\/\/i0.wp.com\/www.ceipmaestrorafaelbravomartin.es\/wp-content\/uploads\/2020\/02\/Cartel-Isabel-Fern%C3%A1ndez.jpg?resize=1400%2C800&ssl=1 4x"},"classes":[]}],"_links":{"self":[{"href":"https:\/\/www.ceipmaestrorafaelbravomartin.es\/index.php?rest_route=\/wp\/v2\/posts\/616","targetHints":{"allow":["GET"]}}],"collection":[{"href":"https:\/\/www.ceipmaestrorafaelbravomartin.es\/index.php?rest_route=\/wp\/v2\/posts"}],"about":[{"href":"https:\/\/www.ceipmaestrorafaelbravomartin.es\/index.php?rest_route=\/wp\/v2\/types\/post"}],"author":[{"embeddable":true,"href":"https:\/\/www.ceipmaestrorafaelbravomartin.es\/index.php?rest_route=\/wp\/v2\/users\/4"}],"replies":[{"embeddable":true,"href":"https:\/\/www.ceipmaestrorafaelbravomartin.es\/index.php?rest_route=%2Fwp%2Fv2%2Fcomments&post=616"}],"version-history":[{"count":11,"href":"https:\/\/www.ceipmaestrorafaelbravomartin.es\/index.php?rest_route=\/wp\/v2\/posts\/616\/revisions"}],"predecessor-version":[{"id":830,"href":"https:\/\/www.ceipmaestrorafaelbravomartin.es\/index.php?rest_route=\/wp\/v2\/posts\/616\/revisions\/830"}],"wp:attachment":[{"href":"https:\/\/www.ceipmaestrorafaelbravomartin.es\/index.php?rest_route=%2Fwp%2Fv2%2Fmedia&parent=616"}],"wp:term":[{"taxonomy":"category","embeddable":true,"href":"https:\/\/www.ceipmaestrorafaelbravomartin.es\/index.php?rest_route=%2Fwp%2Fv2%2Fcategories&post=616"},{"taxonomy":"post_tag","embeddable":true,"href":"https:\/\/www.ceipmaestrorafaelbravomartin.es\/index.php?rest_route=%2Fwp%2Fv2%2Ftags&post=616"}],"curies":[{"name":"wp","href":"https:\/\/api.w.org\/{rel}","templated":true}]}}