{"id":628,"date":"2013-12-18T17:28:39","date_gmt":"2013-12-18T16:28:39","guid":{"rendered":"http:\/\/blogasuncion.es\/?p=628"},"modified":"2014-10-12T12:56:27","modified_gmt":"2014-10-12T10:56:27","slug":"felices-fiestas","status":"publish","type":"post","link":"https:\/\/www.ceipmaestrorafaelbravomartin.es\/?p=628","title":{"rendered":"\u00a1FELICES FIESTAS!"},"content":{"rendered":"<p style=\"text-align: center;\">Un a\u00f1o m\u00e1s el alumnado, profesorado y personal no docente de nuestro Centro,<\/p>\n<p style=\"text-align: center;\">felicita estas fiestas al resto de la Comunidad Educativa.<\/p>\n<p><object width=\"560\" height=\"420\" classid=\"clsid:d27cdb6e-ae6d-11cf-96b8-444553540000\" codebase=\"http:\/\/download.macromedia.com\/pub\/shockwave\/cabs\/flash\/swflash.cab#version=6,0,40,0\"><param name=\"wmode\" value=\"transparent\" \/><param name=\"allowFullScreen\" value=\"true\" \/><param name=\"src\" value=\"http:\/\/pf.kizoa.com\/sflite.swf?did=7369452&amp;k=P116275368&amp;hk=1\" \/><param name=\"allowfullscreen\" value=\"true\" \/><\/object><\/p>\n","protected":false},"excerpt":{"rendered":"<p>Un a\u00f1o m\u00e1s el alumnado, profesorado y personal no docente de nuestro Centro, felicita estas fiestas al resto de la Comunidad Educativa.<\/p>\n","protected":false},"author":4,"featured_media":0,"comment_status":"closed","ping_status":"closed","sticky":false,"template":"","format":"standard","meta":{"jetpack_post_was_ever_published":false,"_jetpack_newsletter_access":"","_jetpack_dont_email_post_to_subs":false,"_jetpack_newsletter_tier_id":0,"_jetpack_memberships_contains_paywalled_content":false,"_jetpack_memberships_contains_paid_content":false,"footnotes":""},"categories":[10,3],"tags":[],"class_list":["post-628","post","type-post","status-publish","format-standard","hentry","category-centro","category-noticiero"],"jetpack_featured_media_url":"","jetpack_sharing_enabled":true,"jetpack_shortlink":"https:\/\/wp.me\/p9VlHp-a8","jetpack-related-posts":[{"id":1337,"url":"https:\/\/www.ceipmaestrorafaelbravomartin.es\/?p=1337","url_meta":{"origin":628,"position":0},"title":"Actuaci\u00f3n del coro los Zambombe\u00f1os.","author":"CEIP Maestro Rafael Bravo Mart\u00edn","date":"1 enero, 2016","format":false,"excerpt":"Como viene siendo habitual en nuestro colegio, nos han visitado el coro local de los Zambombe\u00f1os y nos han deleitado con unos villancicos para alegrarnos las fiestas. Much\u00edsimas gracias a todos\/as por formar parte de nuestro centro. A continuaci\u00f3n os dejamos con la actuaci\u00f3n que hicieron al alumnado de infantil.\u2026","rel":"","context":"En \u00abEl centro\u00bb","block_context":{"text":"El centro","link":"https:\/\/www.ceipmaestrorafaelbravomartin.es\/?cat=10"},"img":{"alt_text":"","src":"https:\/\/i0.wp.com\/img.youtube.com\/vi\/AtavIiym7Ro\/0.jpg?resize=350%2C200","width":350,"height":200},"classes":[]},{"id":1038,"url":"https:\/\/www.ceipmaestrorafaelbravomartin.es\/?p=1038","url_meta":{"origin":628,"position":1},"title":"Los Zambombe\u00f1os","author":"CEIP Maestro Rafael Bravo Mart\u00edn","date":"10 diciembre, 2014","format":false,"excerpt":"Como ya es tradicional por estas fechas, el Coro Los Zambombe\u00f1os ha visitado nuestro Cole para desearnos unas Felices Fiestas. Lo han hecho de la mejor forma, cantando sus villancicos para todos los ni\u00f1os y ni\u00f1as, maestros y maestras que formamos parte de este Centro. Agradecerles desde aqu\u00ed todo el\u2026","rel":"","context":"En \u00abEl centro\u00bb","block_context":{"text":"El centro","link":"https:\/\/www.ceipmaestrorafaelbravomartin.es\/?cat=10"},"img":{"alt_text":"","src":"","width":0,"height":0},"classes":[]},{"id":1053,"url":"https:\/\/www.ceipmaestrorafaelbravomartin.es\/?p=1053","url_meta":{"origin":628,"position":2},"title":"Con nuestros MEJORES DESEOS","author":"CEIP Maestro Rafael Bravo Mart\u00edn","date":"18 diciembre, 2014","format":false,"excerpt":"Un a\u00f1o m\u00e1s, al llegar estas fechas, el profesorado y el alumnado de nuestro Centro quiere hacer llegar a toda la Comunidad Educativa del mismo SUS MEJORES DESEOS. Extendi\u00e9ndolos tambi\u00e9n a todos aquellos y aquellas que en alg\u00fan momento han formado parte de nuestro Cole, para que est\u00e9n donde est\u00e9n,\u2026","rel":"","context":"En \u00abEl centro\u00bb","block_context":{"text":"El centro","link":"https:\/\/www.ceipmaestrorafaelbravomartin.es\/?cat=10"},"img":{"alt_text":"","src":"","width":0,"height":0},"classes":[]},{"id":1628,"url":"https:\/\/www.ceipmaestrorafaelbravomartin.es\/?p=1628","url_meta":{"origin":628,"position":3},"title":"Actuaci\u00f3n del coro Los Zambombe\u00f1os.","author":"CEIP Maestro Rafael Bravo Mart\u00edn","date":"21 diciembre, 2016","format":false,"excerpt":"Es tradicional por estas fechas, que en nuestro colegio, contemos con la participaci\u00f3n del coro local Los Zambombe\u00f1os. Estos nos regalaron varios pases con villancicos tradicionales, que hicieron las delicias de todo el alumnado. Gracias por todo y \u00a1Felices Fiestas! https:\/\/youtu.be\/FXo7gNU9xW8 \u00a0 \u00a0","rel":"","context":"En \u00abEl centro\u00bb","block_context":{"text":"El centro","link":"https:\/\/www.ceipmaestrorafaelbravomartin.es\/?cat=10"},"img":{"alt_text":"","src":"https:\/\/i0.wp.com\/img.youtube.com\/vi\/FXo7gNU9xW8\/0.jpg?resize=350%2C200","width":350,"height":200},"classes":[]},{"id":66,"url":"https:\/\/www.ceipmaestrorafaelbravomartin.es\/?p=66","url_meta":{"origin":628,"position":4},"title":"El colegio Asunci\u00f3n con la Roja.","author":"CEIP Maestro Rafael Bravo Mart\u00edn","date":"8 junio, 2010","format":false,"excerpt":"Hace unos d\u00edas que ha comenzado el mundial de f\u00fatbol de \"Sud\u00e1frica 2010\" y desde el centro queremos hacer part\u00edcipes a todos los ni\u00f1os\/as aportando nuestro granito de arena para hacer llegar a Sud\u00e1frica toda nuestra ilusi\u00f3n. Hoy mi\u00e9rcoles 16 de junio el alumnado del centro ha venido ataviado con\u2026","rel":"","context":"En \u00abCurso 2009\/10\u00bb","block_context":{"text":"Curso 2009\/10","link":"https:\/\/www.ceipmaestrorafaelbravomartin.es\/?cat=27"},"img":{"alt_text":"","src":"","width":0,"height":0},"classes":[]},{"id":281,"url":"https:\/\/www.ceipmaestrorafaelbravomartin.es\/?p=281","url_meta":{"origin":628,"position":5},"title":"Coro Los Zambombe\u00f1os 2012","author":"CEIP Maestro Rafael Bravo Mart\u00edn","date":"18 diciembre, 2012","format":false,"excerpt":"De nuevo, como en a\u00f1os anteriores, el Coro Los Zambombe\u00f1os ha visitado nuestro Cole para desearnos unas Felices Fiestas. Lo han hecho de la mejor forma, cantando sus villancicos para todos los ni\u00f1os y ni\u00f1as, maestros y maestras que formamos parte de este Centro. \u00a0 Agradecerles desde aqu\u00ed todo el\u2026","rel":"","context":"En \u00abActividades extraescolares\u00bb","block_context":{"text":"Actividades extraescolares","link":"https:\/\/www.ceipmaestrorafaelbravomartin.es\/?cat=14"},"img":{"alt_text":"","src":"","width":0,"height":0},"classes":[]}],"_links":{"self":[{"href":"https:\/\/www.ceipmaestrorafaelbravomartin.es\/index.php?rest_route=\/wp\/v2\/posts\/628","targetHints":{"allow":["GET"]}}],"collection":[{"href":"https:\/\/www.ceipmaestrorafaelbravomartin.es\/index.php?rest_route=\/wp\/v2\/posts"}],"about":[{"href":"https:\/\/www.ceipmaestrorafaelbravomartin.es\/index.php?rest_route=\/wp\/v2\/types\/post"}],"author":[{"embeddable":true,"href":"https:\/\/www.ceipmaestrorafaelbravomartin.es\/index.php?rest_route=\/wp\/v2\/users\/4"}],"replies":[{"embeddable":true,"href":"https:\/\/www.ceipmaestrorafaelbravomartin.es\/index.php?rest_route=%2Fwp%2Fv2%2Fcomments&post=628"}],"version-history":[{"count":3,"href":"https:\/\/www.ceipmaestrorafaelbravomartin.es\/index.php?rest_route=\/wp\/v2\/posts\/628\/revisions"}],"predecessor-version":[{"id":828,"href":"https:\/\/www.ceipmaestrorafaelbravomartin.es\/index.php?rest_route=\/wp\/v2\/posts\/628\/revisions\/828"}],"wp:attachment":[{"href":"https:\/\/www.ceipmaestrorafaelbravomartin.es\/index.php?rest_route=%2Fwp%2Fv2%2Fmedia&parent=628"}],"wp:term":[{"taxonomy":"category","embeddable":true,"href":"https:\/\/www.ceipmaestrorafaelbravomartin.es\/index.php?rest_route=%2Fwp%2Fv2%2Fcategories&post=628"},{"taxonomy":"post_tag","embeddable":true,"href":"https:\/\/www.ceipmaestrorafaelbravomartin.es\/index.php?rest_route=%2Fwp%2Fv2%2Ftags&post=628"}],"curies":[{"name":"wp","href":"https:\/\/api.w.org\/{rel}","templated":true}]}}