{"id":643,"date":"2014-01-19T15:48:38","date_gmt":"2014-01-19T14:48:38","guid":{"rendered":"http:\/\/blogasuncion.es\/?p=643"},"modified":"2014-10-12T12:54:47","modified_gmt":"2014-10-12T10:54:47","slug":"campana-de-caritas","status":"publish","type":"post","link":"https:\/\/www.ceipmaestrorafaelbravomartin.es\/?p=643","title":{"rendered":"Campa\u00f1a de C\u00e1ritas"},"content":{"rendered":"<p>Durante las Jornadas Culturales del pasado curso, por primera vez, se llev\u00f3 a cabo en nuestro centro una charla-coloquio al alumnado de 4\u00ba, 5\u00ba y 6\u00ba de primaria por parte de representantes de C\u00c1RITAS con objeto de concienciar a \u00e9ste de las necesidades de tantas personas y de la labor que esta organizaci\u00f3n realiza. Concretando una solicitud de ayuda con la campa\u00f1a \u00ab1Kg\u00bb que result\u00f3 particularmente fruct\u00edfera.<\/p>\n<p>Nuestro centro decidi\u00f3 unirse a esta campa\u00f1a cada curso y que la fecha en la que se realice la charla-coloquio por el\/la representante de C\u00c1RITAS, que este curso ser\u00e1 llevada a cabo por la Coordinadora de zona D\u00f1a. Sonia Moreno, coincida en la medida de lo posible con el <strong>19 DE ENERO<\/strong>.<\/p>\n<p><a href=\"http:\/\/blogasuncion.es\/wp-content\/uploads\/2013\/01\/IMG_3252r.jpg\"><img loading=\"lazy\" decoding=\"async\" data-attachment-id=\"284\" data-permalink=\"https:\/\/www.ceipmaestrorafaelbravomartin.es\/?attachment_id=284\" data-orig-file=\"https:\/\/www.ceipmaestrorafaelbravomartin.es\/wp-content\/uploads\/2013\/01\/IMG_3252r.jpg\" data-orig-size=\"\" data-comments-opened=\"1\" data-image-meta=\"[]\" data-image-title=\"IMG_3252r\" data-image-description=\"\" data-image-caption=\"\" data-medium-file=\"https:\/\/www.ceipmaestrorafaelbravomartin.es\/wp-content\/uploads\/2013\/01\/IMG_3252r.jpg\" data-large-file=\"https:\/\/www.ceipmaestrorafaelbravomartin.es\/wp-content\/uploads\/2013\/01\/IMG_3252r.jpg\" class=\"size-medium wp-image-284 aligncenter\" alt=\"IMG_3252r\" src=\"http:\/\/blogasuncion.es\/wp-content\/uploads\/2013\/01\/IMG_3252r.jpg\" width=\"234\" height=\"273\" \/><\/a><\/p>\n","protected":false},"excerpt":{"rendered":"<p>Durante las Jornadas Culturales del pasado curso, por primera vez, se llev\u00f3 a cabo en nuestro centro una charla-coloquio al alumnado de 4\u00ba, 5\u00ba y 6\u00ba de primaria por parte de representantes de C\u00c1RITAS con objeto de concienciar a \u00e9ste de las necesidades de tantas personas y de la labor [&hellip;]<\/p>\n","protected":false},"author":4,"featured_media":0,"comment_status":"closed","ping_status":"closed","sticky":false,"template":"","format":"standard","meta":{"jetpack_post_was_ever_published":false,"_jetpack_newsletter_access":"","_jetpack_dont_email_post_to_subs":false,"_jetpack_newsletter_tier_id":0,"_jetpack_memberships_contains_paywalled_content":false,"_jetpack_memberships_contains_paid_content":false,"footnotes":""},"categories":[24,10,2],"tags":[],"class_list":["post-643","post","type-post","status-publish","format-standard","hentry","category-c59-dedicatorias","category-centro","category-info"],"jetpack_featured_media_url":"","jetpack_sharing_enabled":true,"jetpack_shortlink":"https:\/\/wp.me\/p9VlHp-an","jetpack-related-posts":[{"id":657,"url":"https:\/\/www.ceipmaestrorafaelbravomartin.es\/?p=657","url_meta":{"origin":643,"position":0},"title":"C\u00e1ritas","author":"CEIP Maestro Rafael Bravo Mart\u00edn","date":"8 febrero, 2014","format":false,"excerpt":"Hoy, 7 de febrero, se ha realizado la charla-coloquio anteriormente anunciada a cargo de tres representantes de C\u00c1RITAS. Han explicado la necesidad y la importancia de su labor y nos han mostrado su agradecimiento por nuestro apoyo y colaboraci\u00f3n. Destacamos el inter\u00e9s y entusiasmo de todos los asistententes a la\u2026","rel":"","context":"En \u00abEl centro\u00bb","block_context":{"text":"El centro","link":"https:\/\/www.ceipmaestrorafaelbravomartin.es\/?cat=10"},"img":{"alt_text":"","src":"","width":0,"height":0},"classes":[]},{"id":653,"url":"https:\/\/www.ceipmaestrorafaelbravomartin.es\/?p=653","url_meta":{"origin":643,"position":1},"title":"30 DE ENERO","author":"CEIP Maestro Rafael Bravo Mart\u00edn","date":"30 enero, 2014","format":false,"excerpt":"Hoy 30 de enero hemos celebrado en nuestro centro el D\u00cdA ESCOLAR DE LA NO VIOLENCIA Y LA PAZ. M\u00faltiples actividades han llenado estos d\u00edas de valores nuestras aulas. Finalizando en un acto global de centro, que adem\u00e1s repercutir\u00e1 en la campa\u00f1a de C\u00c1RITAS cuya charla-coloquio, este curso, tendr\u00e1 lugar\u2026","rel":"","context":"En \u00abCelebraciones\u00bb","block_context":{"text":"Celebraciones","link":"https:\/\/www.ceipmaestrorafaelbravomartin.es\/?cat=42"},"img":{"alt_text":"","src":"","width":0,"height":0},"classes":[]},{"id":1644,"url":"https:\/\/www.ceipmaestrorafaelbravomartin.es\/?p=1644","url_meta":{"origin":643,"position":2},"title":"RAFAEL&#8230; cuarto aniversario.","author":"CEIP Maestro Rafael Bravo Mart\u00edn","date":"18 enero, 2017","format":false,"excerpt":"Siempre te diferenciaste por tu car\u00e1cter, por tu apoyo... aquellas personas que logramos conocerte tuvimos mucha suerte por habernos cruzado contigo. Hace ya cuatro a\u00f1os que no est\u00e1s aqu\u00ed, pero seguimos teni\u00e9ndote en nuestro pensamiento. Permaneces en tu COLE. Seguimos recordando que nuestro cole decidi\u00f3 unirse a la campa\u00f1a de\u2026","rel":"","context":"En \u00abDedicatorias\u00bb","block_context":{"text":"Dedicatorias","link":"https:\/\/www.ceipmaestrorafaelbravomartin.es\/?cat=24"},"img":{"alt_text":"19-1-27","src":"https:\/\/i0.wp.com\/www.ceipmaestrorafaelbravomartin.es\/wp-content\/uploads\/2017\/01\/19-1-27-1024x751.jpg?resize=350%2C200","width":350,"height":200,"srcset":"https:\/\/i0.wp.com\/www.ceipmaestrorafaelbravomartin.es\/wp-content\/uploads\/2017\/01\/19-1-27-1024x751.jpg?resize=350%2C200 1x, https:\/\/i0.wp.com\/www.ceipmaestrorafaelbravomartin.es\/wp-content\/uploads\/2017\/01\/19-1-27-1024x751.jpg?resize=525%2C300 1.5x"},"classes":[]},{"id":1341,"url":"https:\/\/www.ceipmaestrorafaelbravomartin.es\/?p=1341","url_meta":{"origin":643,"position":3},"title":"Rafael","author":"CEIP Maestro Rafael Bravo Mart\u00edn","date":"19 enero, 2016","format":false,"excerpt":"Gracias a toda la Comunidad Educativa de nuestro centro, tu voluntad, tu trabajo por un centro bien dotado, abierto, acogedor... sigue vivo, sigue creciendo y haciendo mejorar a todos los que en \u00e9l participamos. \u00a1 Gracias Rafael ! Queremos recordar que nuestro cole decidi\u00f3 unirse a la campa\u00f1a de C\u00e1ritas\u2026","rel":"","context":"En \u00abDedicatorias\u00bb","block_context":{"text":"Dedicatorias","link":"https:\/\/www.ceipmaestrorafaelbravomartin.es\/?cat=24"},"img":{"alt_text":"campa\u00f1a de c\u00e1ritas 2016","src":"https:\/\/i0.wp.com\/blogasuncion.es\/wp-content\/uploads\/2016\/01\/16-01-19-13-42-26-455_deco-1024x634.jpg?resize=350%2C200","width":350,"height":200},"classes":[]},{"id":1803,"url":"https:\/\/www.ceipmaestrorafaelbravomartin.es\/?p=1803","url_meta":{"origin":643,"position":4},"title":"19 de enero de 2018","author":"CEIP Maestro Rafael Bravo Mart\u00edn","date":"19 enero, 2018","format":false,"excerpt":"El 19 de enero, es y seguir\u00e1 siendo un d\u00eda significativo para nuestra Comunidad Educativa,\u00a0por ello realizamos cada a\u00f1o una campa\u00f1a solidaria. Como en a\u00f1os anteriores, C\u00e1ritas nos ha transmitido el valor y el destino de su trabajo y de nuestras aportaciones con las personas necesitadas. A t\u00edtulo personal, hoy\u2026","rel":"","context":"En \u00abDedicatorias\u00bb","block_context":{"text":"Dedicatorias","link":"https:\/\/www.ceipmaestrorafaelbravomartin.es\/?cat=24"},"img":{"alt_text":"c\u00e1ritas","src":"https:\/\/i0.wp.com\/www.ceipmaestrorafaelbravomartin.es\/wp-content\/uploads\/2018\/01\/c%C3%A1ritas-1024x768.jpg?resize=350%2C200","width":350,"height":200,"srcset":"https:\/\/i0.wp.com\/www.ceipmaestrorafaelbravomartin.es\/wp-content\/uploads\/2018\/01\/c%C3%A1ritas-1024x768.jpg?resize=350%2C200 1x, https:\/\/i0.wp.com\/www.ceipmaestrorafaelbravomartin.es\/wp-content\/uploads\/2018\/01\/c%C3%A1ritas-1024x768.jpg?resize=525%2C300 1.5x"},"classes":[]},{"id":312,"url":"https:\/\/www.ceipmaestrorafaelbravomartin.es\/?p=312","url_meta":{"origin":643,"position":5},"title":"PROGRAMA JORNADAS CULTURALES, ABRIL 2013","author":"CEIP Maestro Rafael Bravo Mart\u00edn","date":"9 abril, 2013","format":false,"excerpt":"D\u00eda 1 (lunes): Teatro de ingl\u00e9s por la compa\u00f1\u00eda FACE 2 FACE THEATRE. Lugar: Casa de la Cultura. D\u00eda 2 (martes) y hasta finalizar la tarea: Decoraci\u00f3n de la nueva entrada: Cuentos infantiles. (Alumnado de Infantil, 4 y 5 a\u00f1os, y Primaria) D\u00eda 10 (mi\u00e9rcole): Intercambio-Cambalache de cuentos, c\u00f3mics... Lugar:\u2026","rel":"","context":"En \u00abEl centro\u00bb","block_context":{"text":"El centro","link":"https:\/\/www.ceipmaestrorafaelbravomartin.es\/?cat=10"},"img":{"alt_text":"","src":"","width":0,"height":0},"classes":[]}],"_links":{"self":[{"href":"https:\/\/www.ceipmaestrorafaelbravomartin.es\/index.php?rest_route=\/wp\/v2\/posts\/643","targetHints":{"allow":["GET"]}}],"collection":[{"href":"https:\/\/www.ceipmaestrorafaelbravomartin.es\/index.php?rest_route=\/wp\/v2\/posts"}],"about":[{"href":"https:\/\/www.ceipmaestrorafaelbravomartin.es\/index.php?rest_route=\/wp\/v2\/types\/post"}],"author":[{"embeddable":true,"href":"https:\/\/www.ceipmaestrorafaelbravomartin.es\/index.php?rest_route=\/wp\/v2\/users\/4"}],"replies":[{"embeddable":true,"href":"https:\/\/www.ceipmaestrorafaelbravomartin.es\/index.php?rest_route=%2Fwp%2Fv2%2Fcomments&post=643"}],"version-history":[{"count":4,"href":"https:\/\/www.ceipmaestrorafaelbravomartin.es\/index.php?rest_route=\/wp\/v2\/posts\/643\/revisions"}],"predecessor-version":[{"id":827,"href":"https:\/\/www.ceipmaestrorafaelbravomartin.es\/index.php?rest_route=\/wp\/v2\/posts\/643\/revisions\/827"}],"wp:attachment":[{"href":"https:\/\/www.ceipmaestrorafaelbravomartin.es\/index.php?rest_route=%2Fwp%2Fv2%2Fmedia&parent=643"}],"wp:term":[{"taxonomy":"category","embeddable":true,"href":"https:\/\/www.ceipmaestrorafaelbravomartin.es\/index.php?rest_route=%2Fwp%2Fv2%2Fcategories&post=643"},{"taxonomy":"post_tag","embeddable":true,"href":"https:\/\/www.ceipmaestrorafaelbravomartin.es\/index.php?rest_route=%2Fwp%2Fv2%2Ftags&post=643"}],"curies":[{"name":"wp","href":"https:\/\/api.w.org\/{rel}","templated":true}]}}