{"id":653,"date":"2014-01-30T20:57:57","date_gmt":"2014-01-30T19:57:57","guid":{"rendered":"http:\/\/blogasuncion.es\/?p=653"},"modified":"2014-10-12T12:54:38","modified_gmt":"2014-10-12T10:54:38","slug":"30-de-enero","status":"publish","type":"post","link":"https:\/\/www.ceipmaestrorafaelbravomartin.es\/?p=653","title":{"rendered":"30 DE ENERO"},"content":{"rendered":"<p style=\"text-align: center;\">Hoy 30 de enero hemos celebrado en nuestro centro el<\/p>\n<p style=\"text-align: center;\"><strong> D\u00cdA ESCOLAR DE LA NO VIOLENCIA Y LA PAZ.<\/strong><\/p>\n<p style=\"text-align: center;\">M\u00faltiples actividades han llenado estos d\u00edas de valores nuestras aulas. Finalizando en un acto global de centro, que adem\u00e1s repercutir\u00e1 en la campa\u00f1a de C\u00c1RITAS cuya charla-coloquio, este curso, tendr\u00e1 lugar el pr\u00f3ximo <strong>7 de febrero<\/strong>.<\/p>\n<p><iframe loading=\"lazy\" src=\"\/\/www.youtube.com\/embed\/s9We4wVjGQE?rel=0\" height=\"360\" width=\"640\" allowfullscreen=\"\" frameborder=\"0\"><\/iframe><\/p>\n","protected":false},"excerpt":{"rendered":"<p>Hoy 30 de enero hemos celebrado en nuestro centro el D\u00cdA ESCOLAR DE LA NO VIOLENCIA Y LA PAZ. M\u00faltiples actividades han llenado estos d\u00edas de valores nuestras aulas. Finalizando en un acto global de centro, que adem\u00e1s repercutir\u00e1 en la campa\u00f1a de C\u00c1RITAS cuya charla-coloquio, este curso, tendr\u00e1 lugar [&hellip;]<\/p>\n","protected":false},"author":4,"featured_media":0,"comment_status":"closed","ping_status":"closed","sticky":false,"template":"","format":"standard","meta":{"jetpack_post_was_ever_published":false,"_jetpack_newsletter_access":"","_jetpack_dont_email_post_to_subs":false,"_jetpack_newsletter_tier_id":0,"_jetpack_memberships_contains_paywalled_content":false,"_jetpack_memberships_contains_paid_content":false,"footnotes":""},"categories":[42,3],"tags":[],"class_list":["post-653","post","type-post","status-publish","format-standard","hentry","category-c92-celebraciones","category-noticiero"],"jetpack_featured_media_url":"","jetpack_sharing_enabled":true,"jetpack_shortlink":"https:\/\/wp.me\/p9VlHp-ax","jetpack-related-posts":[{"id":135,"url":"https:\/\/www.ceipmaestrorafaelbravomartin.es\/?p=135","url_meta":{"origin":653,"position":0},"title":"Consejo Escolar del 18 de enero de 2011","author":"CEIP Maestro Rafael Bravo Mart\u00edn","date":"24 enero, 2011","format":false,"excerpt":"En Alcal\u00e1 del R\u00edo, siendo las 17,15 horas del d\u00eda 18 de enero de 2011, se re\u00fane el Consejo Escolar del Centro para tratar los siguientes temas:1. An\u00e1lisis de los resultados escolares de la 1\u00aa Evaluaci\u00f3n en porcentajes, por \u00e1reas y \u00a0calificaciones medias por \u00e1reas y cursos.2. Se apruebe la\u2026","rel":"","context":"En \u00abConsejo escolar\u00bb","block_context":{"text":"Consejo escolar","link":"https:\/\/www.ceipmaestrorafaelbravomartin.es\/?cat=12"},"img":{"alt_text":"","src":"","width":0,"height":0},"classes":[]},{"id":252,"url":"https:\/\/www.ceipmaestrorafaelbravomartin.es\/?p=252","url_meta":{"origin":653,"position":1},"title":"PERSONAL LABORAL DEL CENTRO","author":"CEIP Maestro Rafael Bravo Mart\u00edn","date":"3 mayo, 2012","format":false,"excerpt":"\u00a0\u00a0\u00a0 No ser\u00eda entendible hoy el funcionamiento de un Centro como el nuestro sin la labor llevada a cabo por el Personal Laboral dependiente de la Junta de Andaluc\u00eda, que forma parte de la plantilla del Centro. \u00a0\u00a0\u00a0 En la actualidad son un monitor\/a y un educador\/a los puestos asignados\u2026","rel":"","context":"En \u00abHistoria\u00bb","block_context":{"text":"Historia","link":"https:\/\/www.ceipmaestrorafaelbravomartin.es\/?cat=43"},"img":{"alt_text":"miguel","src":"https:\/\/i0.wp.com\/www.ceipmaestrorafaelbravomartin.es\/wp-content\/uploads\/2012\/05\/miguel.jpg?resize=350%2C200&ssl=1","width":350,"height":200,"srcset":"https:\/\/i0.wp.com\/www.ceipmaestrorafaelbravomartin.es\/wp-content\/uploads\/2012\/05\/miguel.jpg?resize=350%2C200&ssl=1 1x, https:\/\/i0.wp.com\/www.ceipmaestrorafaelbravomartin.es\/wp-content\/uploads\/2012\/05\/miguel.jpg?resize=525%2C300&ssl=1 1.5x, https:\/\/i0.wp.com\/www.ceipmaestrorafaelbravomartin.es\/wp-content\/uploads\/2012\/05\/miguel.jpg?resize=700%2C400&ssl=1 2x, https:\/\/i0.wp.com\/www.ceipmaestrorafaelbravomartin.es\/wp-content\/uploads\/2012\/05\/miguel.jpg?resize=1050%2C600&ssl=1 3x"},"classes":[]},{"id":1341,"url":"https:\/\/www.ceipmaestrorafaelbravomartin.es\/?p=1341","url_meta":{"origin":653,"position":2},"title":"Rafael","author":"CEIP Maestro Rafael Bravo Mart\u00edn","date":"19 enero, 2016","format":false,"excerpt":"Gracias a toda la Comunidad Educativa de nuestro centro, tu voluntad, tu trabajo por un centro bien dotado, abierto, acogedor... sigue vivo, sigue creciendo y haciendo mejorar a todos los que en \u00e9l participamos. \u00a1 Gracias Rafael ! Queremos recordar que nuestro cole decidi\u00f3 unirse a la campa\u00f1a de C\u00e1ritas\u2026","rel":"","context":"En \u00abDedicatorias\u00bb","block_context":{"text":"Dedicatorias","link":"https:\/\/www.ceipmaestrorafaelbravomartin.es\/?cat=24"},"img":{"alt_text":"campa\u00f1a de c\u00e1ritas 2016","src":"https:\/\/i0.wp.com\/blogasuncion.es\/wp-content\/uploads\/2016\/01\/16-01-19-13-42-26-455_deco-1024x634.jpg?resize=350%2C200","width":350,"height":200},"classes":[]},{"id":643,"url":"https:\/\/www.ceipmaestrorafaelbravomartin.es\/?p=643","url_meta":{"origin":653,"position":3},"title":"Campa\u00f1a de C\u00e1ritas","author":"CEIP Maestro Rafael Bravo Mart\u00edn","date":"19 enero, 2014","format":false,"excerpt":"Durante las Jornadas Culturales del pasado curso, por primera vez, se llev\u00f3 a cabo en nuestro centro una charla-coloquio al alumnado de 4\u00ba, 5\u00ba y 6\u00ba de primaria por parte de representantes de C\u00c1RITAS con objeto de concienciar a \u00e9ste de las necesidades de tantas personas y de la labor\u2026","rel":"","context":"En \u00abDedicatorias\u00bb","block_context":{"text":"Dedicatorias","link":"https:\/\/www.ceipmaestrorafaelbravomartin.es\/?cat=24"},"img":{"alt_text":"IMG_3252r","src":"https:\/\/i0.wp.com\/blogasuncion.es\/wp-content\/uploads\/2013\/01\/IMG_3252r.jpg?resize=350%2C200","width":350,"height":200},"classes":[]},{"id":580,"url":"https:\/\/www.ceipmaestrorafaelbravomartin.es\/?p=580","url_meta":{"origin":653,"position":4},"title":"Nueva denominaci\u00f3n CEIP Maestro Rafael Bravo Mart\u00edn","author":"CEIP Maestro Rafael Bravo Mart\u00edn","date":"10 octubre, 2013","format":false,"excerpt":"El d\u00eda 29 de enero de 2013, en sesi\u00f3n extraordinaria de Consejo Escolar celebrada tras el fallecimiento de Don Rafael Bravo Mart\u00edn, se aprob\u00f3 por unanimidad solicitar al Excelent\u00edsimo Ayuntamiento de Alcal\u00e1 del R\u00edo que el CEIP Ntra Sra de la Asunci\u00f3n pasara a llamarse CEIP Maestro Rafael Bravo Mart\u00edn\u2026","rel":"","context":"En \u00abHistoria\u00bb","block_context":{"text":"Historia","link":"https:\/\/www.ceipmaestrorafaelbravomartin.es\/?cat=43"},"img":{"alt_text":"","src":"","width":0,"height":0},"classes":[]},{"id":1803,"url":"https:\/\/www.ceipmaestrorafaelbravomartin.es\/?p=1803","url_meta":{"origin":653,"position":5},"title":"19 de enero de 2018","author":"CEIP Maestro Rafael Bravo Mart\u00edn","date":"19 enero, 2018","format":false,"excerpt":"El 19 de enero, es y seguir\u00e1 siendo un d\u00eda significativo para nuestra Comunidad Educativa,\u00a0por ello realizamos cada a\u00f1o una campa\u00f1a solidaria. Como en a\u00f1os anteriores, C\u00e1ritas nos ha transmitido el valor y el destino de su trabajo y de nuestras aportaciones con las personas necesitadas. A t\u00edtulo personal, hoy\u2026","rel":"","context":"En \u00abDedicatorias\u00bb","block_context":{"text":"Dedicatorias","link":"https:\/\/www.ceipmaestrorafaelbravomartin.es\/?cat=24"},"img":{"alt_text":"c\u00e1ritas","src":"https:\/\/i0.wp.com\/www.ceipmaestrorafaelbravomartin.es\/wp-content\/uploads\/2018\/01\/c%C3%A1ritas-1024x768.jpg?resize=350%2C200","width":350,"height":200,"srcset":"https:\/\/i0.wp.com\/www.ceipmaestrorafaelbravomartin.es\/wp-content\/uploads\/2018\/01\/c%C3%A1ritas-1024x768.jpg?resize=350%2C200 1x, https:\/\/i0.wp.com\/www.ceipmaestrorafaelbravomartin.es\/wp-content\/uploads\/2018\/01\/c%C3%A1ritas-1024x768.jpg?resize=525%2C300 1.5x"},"classes":[]}],"_links":{"self":[{"href":"https:\/\/www.ceipmaestrorafaelbravomartin.es\/index.php?rest_route=\/wp\/v2\/posts\/653","targetHints":{"allow":["GET"]}}],"collection":[{"href":"https:\/\/www.ceipmaestrorafaelbravomartin.es\/index.php?rest_route=\/wp\/v2\/posts"}],"about":[{"href":"https:\/\/www.ceipmaestrorafaelbravomartin.es\/index.php?rest_route=\/wp\/v2\/types\/post"}],"author":[{"embeddable":true,"href":"https:\/\/www.ceipmaestrorafaelbravomartin.es\/index.php?rest_route=\/wp\/v2\/users\/4"}],"replies":[{"embeddable":true,"href":"https:\/\/www.ceipmaestrorafaelbravomartin.es\/index.php?rest_route=%2Fwp%2Fv2%2Fcomments&post=653"}],"version-history":[{"count":4,"href":"https:\/\/www.ceipmaestrorafaelbravomartin.es\/index.php?rest_route=\/wp\/v2\/posts\/653\/revisions"}],"predecessor-version":[{"id":826,"href":"https:\/\/www.ceipmaestrorafaelbravomartin.es\/index.php?rest_route=\/wp\/v2\/posts\/653\/revisions\/826"}],"wp:attachment":[{"href":"https:\/\/www.ceipmaestrorafaelbravomartin.es\/index.php?rest_route=%2Fwp%2Fv2%2Fmedia&parent=653"}],"wp:term":[{"taxonomy":"category","embeddable":true,"href":"https:\/\/www.ceipmaestrorafaelbravomartin.es\/index.php?rest_route=%2Fwp%2Fv2%2Fcategories&post=653"},{"taxonomy":"post_tag","embeddable":true,"href":"https:\/\/www.ceipmaestrorafaelbravomartin.es\/index.php?rest_route=%2Fwp%2Fv2%2Ftags&post=653"}],"curies":[{"name":"wp","href":"https:\/\/api.w.org\/{rel}","templated":true}]}}