{"id":669,"date":"2014-02-25T17:26:20","date_gmt":"2014-02-25T16:26:20","guid":{"rendered":"http:\/\/blogasuncion.es\/?p=669"},"modified":"2014-10-12T12:54:04","modified_gmt":"2014-10-12T10:54:04","slug":"proxima-edicion-de-periodico-escolar","status":"publish","type":"post","link":"https:\/\/www.ceipmaestrorafaelbravomartin.es\/?p=669","title":{"rendered":"Pr\u00f3xima edici\u00f3n de \u00abPeri\u00f3dico Escolar\u00bb"},"content":{"rendered":"<p>\u00a1Hola a toda la comunidad educativa! Nos disponemos a sacar un nuevo n\u00famero de nuestro peri\u00f3dico.En \u00e9l pueden participar el alumnado, profesorado, padres, madres, antiguos alumnos y alumnas, etc.<\/p>\n<p>Esperamos, como siempre, una buena acogida y contamos con vuestra participaci\u00f3n.<\/p>\n<p>Saldr\u00e1 antes de Semana Santa y el d\u00eda tope para <strong>entregar los trabajos ser\u00e1 el lunes, 24<\/strong> <strong>de marzo.<\/strong><\/p>\n<p>Enlazamos a una entrada anterior donde pod\u00e9is encontrar toda la informaci\u00f3n necesaria:<\/p>\n<p><a href=\"http:\/\/blogasuncion.es\/?p=283\">INFORMACI\u00d3N DEL PERI\u00d3DICO<\/a><\/p>\n<p>&nbsp;<\/p>\n","protected":false},"excerpt":{"rendered":"<p>\u00a1Hola a toda la comunidad educativa! Nos disponemos a sacar un nuevo n\u00famero de nuestro peri\u00f3dico.En \u00e9l pueden participar el alumnado, profesorado, padres, madres, antiguos alumnos y alumnas, etc. Esperamos, como siempre, una buena acogida y contamos con vuestra participaci\u00f3n. Saldr\u00e1 antes de Semana Santa y el d\u00eda tope para [&hellip;]<\/p>\n","protected":false},"author":6,"featured_media":0,"comment_status":"closed","ping_status":"closed","sticky":false,"template":"","format":"standard","meta":{"jetpack_post_was_ever_published":false,"_jetpack_newsletter_access":"","_jetpack_dont_email_post_to_subs":false,"_jetpack_newsletter_tier_id":0,"_jetpack_memberships_contains_paywalled_content":false,"_jetpack_memberships_contains_paid_content":false,"footnotes":""},"categories":[6],"tags":[],"class_list":["post-669","post","type-post","status-publish","format-standard","hentry","category-s9-periodico"],"jetpack_featured_media_url":"","jetpack_sharing_enabled":true,"jetpack_shortlink":"https:\/\/wp.me\/p9VlHp-aN","jetpack-related-posts":[{"id":75,"url":"https:\/\/www.ceipmaestrorafaelbravomartin.es\/?p=75","url_meta":{"origin":669,"position":0},"title":"\u00a1Queremos escribir!","author":"CEIP Maestro Rafael Bravo Mart\u00edn","date":"27 octubre, 2010","format":false,"excerpt":"\u00a1 Hola a tod@s!\u00a0 Este fin de semana cambiaremos la hora en los relojes, con lo cual va a anochecer una hora antes que hoy y que ma\u00f1ana. Pronto empezar\u00e1 a hacer fr\u00edo y nos gustar\u00e1 quedarnos en casa calentitos y haciendo cosas que nos gusten.\u00bfPara qu\u00e9 digo esto?\u00a0","rel":"","context":"En \u00abInformaci\u00f3n\u00bb","block_context":{"text":"Informaci\u00f3n","link":"https:\/\/www.ceipmaestrorafaelbravomartin.es\/?cat=17"},"img":{"alt_text":"","src":"","width":0,"height":0},"classes":[]},{"id":320,"url":"https:\/\/www.ceipmaestrorafaelbravomartin.es\/?p=320","url_meta":{"origin":669,"position":1},"title":"Ventana Escolar (junio de 2013)","author":"CEIP Maestro Rafael Bravo Mart\u00edn","date":"15 junio, 2013","format":false,"excerpt":"Con un poco de premura, y publicando ahora algunos de los art\u00edculos que fueron seleccionados en la primera tirada de este curso, lanzamos la segunda. Solamente se publicar\u00e1 el peri\u00f3dico completo en la versi\u00f3n digital. Se intentar\u00e1, en los d\u00edas que quedan de clase imprimir y repatir una versi\u00f3n reducida\u2026","rel":"","context":"En \u00abPeri\u00f3dico Escolar\u00bb","block_context":{"text":"Peri\u00f3dico Escolar","link":"https:\/\/www.ceipmaestrorafaelbravomartin.es\/?cat=6"},"img":{"alt_text":"","src":"https:\/\/i0.wp.com\/2.bp.blogspot.com\/-q1EcQRBaVWw\/Uby2_GXaCAI\/AAAAAAAADPQ\/9BL7O8gK0I8\/s400\/peri%C3%B3dico.jpg?resize=350%2C200","width":350,"height":200},"classes":[]},{"id":87,"url":"https:\/\/www.ceipmaestrorafaelbravomartin.es\/?p=87","url_meta":{"origin":669,"position":2},"title":"Peri\u00f3dico: La ventana Escolar","author":"CEIP Maestro Rafael Bravo Mart\u00edn","date":"13 noviembre, 2010","format":false,"excerpt":"Se informa\u00a0 que ya ten\u00e9is de nuevo a vuestra disposici\u00f3n las dos tiradas del peri\u00f3dico \"La Ventana Escolar\" que fueron publicadas el curso anterior en la antigua web del Centro. Pod\u00e9is acceder a ellas desde la columna de la derecha en la secci\u00f3n peri\u00f3dico escolar \"Publicaciones Ventana Escolar\" o haciendo\u2026","rel":"","context":"En \u00abInformaci\u00f3n\u00bb","block_context":{"text":"Informaci\u00f3n","link":"https:\/\/www.ceipmaestrorafaelbravomartin.es\/?cat=17"},"img":{"alt_text":"","src":"https:\/\/i0.wp.com\/www.ceipmaestrorafaelbravomartin.es\/wp-content\/uploads\/2010\/11\/ventana.png?resize=350%2C200&ssl=1","width":350,"height":200},"classes":[]},{"id":91,"url":"https:\/\/www.ceipmaestrorafaelbravomartin.es\/?p=91","url_meta":{"origin":669,"position":3},"title":"1\u00aa  edici\u00f3n de la \u00abVentana Escolar\u00bb","author":"CEIP Maestro Rafael Bravo Mart\u00edn","date":"17 noviembre, 2010","format":false,"excerpt":"\u00a0A todos los ni\u00f1os y ni\u00f1as, maestros y maestras que deseen colaborar. Tambi\u00e9n a los padres, madres\u00a0 y antiguos alumnos\/as: estamos preparando la 1\u00aa edici\u00f3n de \"Ventana Escolar\". Por eso deb\u00e9is saber:","rel":"","context":"En \u00abInformaci\u00f3n\u00bb","block_context":{"text":"Informaci\u00f3n","link":"https:\/\/www.ceipmaestrorafaelbravomartin.es\/?cat=17"},"img":{"alt_text":"","src":"https:\/\/i0.wp.com\/www.ceipmaestrorafaelbravomartin.es\/wp-content\/uploads\/2010\/11\/ventana.png?resize=350%2C200&ssl=1","width":350,"height":200},"classes":[]},{"id":27,"url":"https:\/\/www.ceipmaestrorafaelbravomartin.es\/?p=27","url_meta":{"origin":669,"position":4},"title":"Peri\u00f3dico Escolar","author":"CEIP Maestro Rafael Bravo Mart\u00edn","date":"15 octubre, 2010","format":false,"excerpt":"Responsables D\u00f1a Pilar Criado Rodr\u00edguez D\u00f1a.Margarita Mu\u00f1oz Guti\u00e9rrez D\u00f1a. Matilde Mart\u00edn Ma\u00f1ero D\u00f1a. Mar\u00eda Luisa Henry Ben\u00edtez D\u00f1a. Mar\u00eda del Carmen Mart\u00edn Mostaza D\u00f1a. Aurora Mart\u00edn \u00c1lvarez D\u00f1a. Purificaci\u00f3n Garc\u00eda Cano Objetivos 1.Servir como medio de expresi\u00f3n y comunicaci\u00f3n de y entre los distintos miembros de la comunidad educativa. 2.Aprovechar\u2026","rel":"","context":"En \u00abPlanes y programas\u00bb","block_context":{"text":"Planes y programas","link":"https:\/\/www.ceipmaestrorafaelbravomartin.es\/?cat=23"},"img":{"alt_text":"","src":"","width":0,"height":0},"classes":[]},{"id":283,"url":"https:\/\/www.ceipmaestrorafaelbravomartin.es\/?p=283","url_meta":{"origin":669,"position":5},"title":"1\u00aa tirada del peri\u00f3dico &#8211;  2012-13","author":"CEIP Maestro Rafael Bravo Mart\u00edn","date":"15 enero, 2013","format":false,"excerpt":"TALLER DE PERI\u00d3DICO Otro a\u00f1o mas nos disponemos a sacar el peri\u00f3dico del colegio Asunci\u00f3n. Por lo tanto animamos a todo el alumnado, profesorado, padres y madres, a participar en esta edici\u00f3n de \u201c Ventana Escolar\u201d. Os recordamos la direcci\u00f3n de correo electr\u00f3nico: periodicoasuncion@gmail.com -Se admitir\u00e1n trabajos tanto a mano\u2026","rel":"","context":"En \u00abInformaci\u00f3n\u00bb","block_context":{"text":"Informaci\u00f3n","link":"https:\/\/www.ceipmaestrorafaelbravomartin.es\/?cat=17"},"img":{"alt_text":"","src":"","width":0,"height":0},"classes":[]}],"_links":{"self":[{"href":"https:\/\/www.ceipmaestrorafaelbravomartin.es\/index.php?rest_route=\/wp\/v2\/posts\/669","targetHints":{"allow":["GET"]}}],"collection":[{"href":"https:\/\/www.ceipmaestrorafaelbravomartin.es\/index.php?rest_route=\/wp\/v2\/posts"}],"about":[{"href":"https:\/\/www.ceipmaestrorafaelbravomartin.es\/index.php?rest_route=\/wp\/v2\/types\/post"}],"author":[{"embeddable":true,"href":"https:\/\/www.ceipmaestrorafaelbravomartin.es\/index.php?rest_route=\/wp\/v2\/users\/6"}],"replies":[{"embeddable":true,"href":"https:\/\/www.ceipmaestrorafaelbravomartin.es\/index.php?rest_route=%2Fwp%2Fv2%2Fcomments&post=669"}],"version-history":[{"count":5,"href":"https:\/\/www.ceipmaestrorafaelbravomartin.es\/index.php?rest_route=\/wp\/v2\/posts\/669\/revisions"}],"predecessor-version":[{"id":823,"href":"https:\/\/www.ceipmaestrorafaelbravomartin.es\/index.php?rest_route=\/wp\/v2\/posts\/669\/revisions\/823"}],"wp:attachment":[{"href":"https:\/\/www.ceipmaestrorafaelbravomartin.es\/index.php?rest_route=%2Fwp%2Fv2%2Fmedia&parent=669"}],"wp:term":[{"taxonomy":"category","embeddable":true,"href":"https:\/\/www.ceipmaestrorafaelbravomartin.es\/index.php?rest_route=%2Fwp%2Fv2%2Fcategories&post=669"},{"taxonomy":"post_tag","embeddable":true,"href":"https:\/\/www.ceipmaestrorafaelbravomartin.es\/index.php?rest_route=%2Fwp%2Fv2%2Ftags&post=669"}],"curies":[{"name":"wp","href":"https:\/\/api.w.org\/{rel}","templated":true}]}}