{"id":674,"date":"2014-02-26T23:30:28","date_gmt":"2014-02-26T22:30:28","guid":{"rendered":"http:\/\/blogasuncion.es\/?p=674"},"modified":"2014-10-12T12:53:53","modified_gmt":"2014-10-12T10:53:53","slug":"dia-de-andalucia-2014","status":"publish","type":"post","link":"https:\/\/www.ceipmaestrorafaelbravomartin.es\/?p=674","title":{"rendered":"D\u00eda de Andaluc\u00eda 2014"},"content":{"rendered":"<p style=\"text-align: center;\">Con motivo de la celebraci\u00f3n del D\u00eda de Andaluc\u00eda, se han realizado en nuestro Centro diversos trabajos y actividades.<\/p>\n<p style=\"text-align: center;\">En el siguiente v\u00eddeo, dejamos una peque\u00f1a muestra de lo realizado en los niveles de 4\u00ba y 6\u00ba de Primaria.<\/p>\n<p style=\"text-align: center;\">Los grupos de 4\u00ba han realizado trabajos de investigaci\u00f3n sobre el r\u00edo Guadalquivir, tras trabajar la tem\u00e1tica a la que hacemos referencia han expuesto sus trabajos a sus compa\u00f1eros y compa\u00f1eras. El grupo 4\u00ba B del C.E.I.P. Maestro Rafael Bravo Mart\u00edn quiere compartir con vosotros\/as una muestra de lo trabajado.<\/p>\n<p style=\"text-align: center;\"><strong> \u00a1Os deseamos un magn\u00edfico puente de Andaluc\u00eda!<\/strong><\/p>\n<p><iframe loading=\"lazy\" src=\"\/\/www.youtube.com\/embed\/agGl-l57dZs?rel=0\" height=\"360\" width=\"640\" allowfullscreen=\"\" frameborder=\"0\"><\/iframe><\/p>\n","protected":false},"excerpt":{"rendered":"<p>Con motivo de la celebraci\u00f3n del D\u00eda de Andaluc\u00eda, se han realizado en nuestro Centro diversos trabajos y actividades. En el siguiente v\u00eddeo, dejamos una peque\u00f1a muestra de lo realizado en los niveles de 4\u00ba y 6\u00ba de Primaria. Los grupos de 4\u00ba han realizado trabajos de investigaci\u00f3n sobre el [&hellip;]<\/p>\n","protected":false},"author":4,"featured_media":0,"comment_status":"closed","ping_status":"closed","sticky":false,"template":"","format":"standard","meta":{"jetpack_post_was_ever_published":false,"_jetpack_newsletter_access":"","_jetpack_dont_email_post_to_subs":false,"_jetpack_newsletter_tier_id":0,"_jetpack_memberships_contains_paywalled_content":false,"_jetpack_memberships_contains_paid_content":false,"footnotes":""},"categories":[3,47,25],"tags":[],"class_list":["post-674","post","type-post","status-publish","format-standard","hentry","category-noticiero","category-segundo-ciclo-de-primaria","category-ciclo3"],"jetpack_featured_media_url":"","jetpack_sharing_enabled":true,"jetpack_shortlink":"https:\/\/wp.me\/p9VlHp-aS","jetpack-related-posts":[{"id":210,"url":"https:\/\/www.ceipmaestrorafaelbravomartin.es\/?p=210","url_meta":{"origin":674,"position":0},"title":"Taller del Hogar realizado por 4\u00ba de primaria","author":"CEIP Maestro Rafael Bravo Mart\u00edn","date":"5 diciembre, 2011","format":false,"excerpt":"Al tener como uno de nuestros Programas el de Coeducaci\u00f3n, los cursos de 4\u00ba realizamos un taller del hogar en el que ense\u00f1amos a nuestros\/as alumnos\/as como planchar, poner la mesa, barrer, fregar, limpiar ventanas, etc. Todo esto con la intenci\u00f3n de hacer constar que tanto ni\u00f1os como ni\u00f1as deben\u2026","rel":"","context":"En \u00abSegundo ciclo de Primaria\u00bb","block_context":{"text":"Segundo ciclo de Primaria","link":"https:\/\/www.ceipmaestrorafaelbravomartin.es\/?cat=47"},"img":{"alt_text":"","src":"","width":0,"height":0},"classes":[]},{"id":292,"url":"https:\/\/www.ceipmaestrorafaelbravomartin.es\/?p=292","url_meta":{"origin":674,"position":1},"title":"D\u00eda de la PAZ","author":"CEIP Maestro Rafael Bravo Mart\u00edn","date":"1 febrero, 2013","format":false,"excerpt":"Breve muestra de los trabajos realizados en el Tercer Ciclo, con motivo del D\u00cdA DE LA PAZ.","rel":"","context":"En \u00abSin categor\u00eda\u00bb","block_context":{"text":"Sin categor\u00eda","link":"https:\/\/www.ceipmaestrorafaelbravomartin.es\/?cat=1"},"img":{"alt_text":"","src":"","width":0,"height":0},"classes":[]},{"id":208,"url":"https:\/\/www.ceipmaestrorafaelbravomartin.es\/?p=208","url_meta":{"origin":674,"position":2},"title":"25 de noviembre: D\u00eda internacional contra la violencia de g\u00e9nero.","author":"CEIP Maestro Rafael Bravo Mart\u00edn","date":"25 noviembre, 2011","format":false,"excerpt":"El viernes 25 de noviembre se celebr\u00f3 el D\u00cdA INTERNACIONAL PARA LA ELIMINACI\u00d3N DE LA VIOLENCIA CONTRA LA MUJER. Durante esa semana los alumnos\/as han realizado actividades para tomar conciencia de la igualdad entre mujeres y hombres, ni\u00f1as y ni\u00f1os. Aqu\u00ed os dejamos algunas de las muchas que se llevaron\u2026","rel":"","context":"En \u00abCurso 2011\/12\u00bb","block_context":{"text":"Curso 2011\/12","link":"https:\/\/www.ceipmaestrorafaelbravomartin.es\/?cat=45"},"img":{"alt_text":"","src":"","width":0,"height":0},"classes":[]},{"id":230,"url":"https:\/\/www.ceipmaestrorafaelbravomartin.es\/?p=230","url_meta":{"origin":674,"position":3},"title":"D\u00eda de Andaluc\u00eda","author":"CEIP Maestro Rafael Bravo Mart\u00edn","date":"2 marzo, 2012","format":false,"excerpt":"Con motivo de la celebraci\u00f3n de Di\u00e1 de Andaluc\u00eda, en nuestro Centro se llevaron a cabo diversas actividades durante la semana previa al mismo. \u00a0 En Infantil se trabaj\u00f3 en clase con la ralizaci\u00f3n de diversas fichas. \u00a0 Primer Ciclo de Primaria particip\u00f3 en una Gymkana que organizamos desde el\u2026","rel":"","context":"En \u00abSin categor\u00eda\u00bb","block_context":{"text":"Sin categor\u00eda","link":"https:\/\/www.ceipmaestrorafaelbravomartin.es\/?cat=1"},"img":{"alt_text":"","src":"","width":0,"height":0},"classes":[]},{"id":214,"url":"https:\/\/www.ceipmaestrorafaelbravomartin.es\/?p=214","url_meta":{"origin":674,"position":4},"title":"Celebraci\u00f3n del D\u00eda de la Constituci\u00f3n","author":"CEIP Maestro Rafael Bravo Mart\u00edn","date":"12 diciembre, 2011","format":false,"excerpt":"Este a\u00f1o, en nuestro Centro se han realizado diversas actividades para celebrar el XXXIII Aniversario de la Constituci\u00f3n Espa\u00f1ola. El d\u00eda de la Constituci\u00f3n es festivo (6 de Diciembre), y se conmemora la celebraci\u00f3n del Refer\u00e9ndum Constitucional de 1978, en el que el pueblo espa\u00f1ol la aprob\u00f3 por amplia mayor\u00eda.\u2026","rel":"","context":"En \u00abCurso 2011\/12\u00bb","block_context":{"text":"Curso 2011\/12","link":"https:\/\/www.ceipmaestrorafaelbravomartin.es\/?cat=45"},"img":{"alt_text":"","src":"https:\/\/i0.wp.com\/www.ceipmaestrorafaelbravomartin.es\/wp-content\/uploads\/2011\/12\/Captura%2Bde%2Bpantalla%2B2011-12-04%2Ba%2Blas%2B19.31.33.png?resize=350%2C200&ssl=1","width":350,"height":200},"classes":[]},{"id":694,"url":"https:\/\/www.ceipmaestrorafaelbravomartin.es\/?p=694","url_meta":{"origin":674,"position":5},"title":"8 de marzo de 2014","author":"CEIP Maestro Rafael Bravo Mart\u00edn","date":"8 marzo, 2014","format":false,"excerpt":"Para tomar conciencia de este d\u00eda, adem\u00e1s de la entrada publicada en el blog \"Maestro Rafael Bravo y Guadalquivir 13\/14\", en el tercer ciclo y parte del segundo, se propuso trabajar el siguiente t\u00edtulo: \"LA MUJER M\u00c1S IMPORTANTE DE MI VIDA\". La mayor parte del alumnado de los cursos 4\u00baB,\u2026","rel":"","context":"En \u00abNoticiero\u00bb","block_context":{"text":"Noticiero","link":"https:\/\/www.ceipmaestrorafaelbravomartin.es\/?cat=3"},"img":{"alt_text":"","src":"","width":0,"height":0},"classes":[]}],"_links":{"self":[{"href":"https:\/\/www.ceipmaestrorafaelbravomartin.es\/index.php?rest_route=\/wp\/v2\/posts\/674","targetHints":{"allow":["GET"]}}],"collection":[{"href":"https:\/\/www.ceipmaestrorafaelbravomartin.es\/index.php?rest_route=\/wp\/v2\/posts"}],"about":[{"href":"https:\/\/www.ceipmaestrorafaelbravomartin.es\/index.php?rest_route=\/wp\/v2\/types\/post"}],"author":[{"embeddable":true,"href":"https:\/\/www.ceipmaestrorafaelbravomartin.es\/index.php?rest_route=\/wp\/v2\/users\/4"}],"replies":[{"embeddable":true,"href":"https:\/\/www.ceipmaestrorafaelbravomartin.es\/index.php?rest_route=%2Fwp%2Fv2%2Fcomments&post=674"}],"version-history":[{"count":5,"href":"https:\/\/www.ceipmaestrorafaelbravomartin.es\/index.php?rest_route=\/wp\/v2\/posts\/674\/revisions"}],"predecessor-version":[{"id":822,"href":"https:\/\/www.ceipmaestrorafaelbravomartin.es\/index.php?rest_route=\/wp\/v2\/posts\/674\/revisions\/822"}],"wp:attachment":[{"href":"https:\/\/www.ceipmaestrorafaelbravomartin.es\/index.php?rest_route=%2Fwp%2Fv2%2Fmedia&parent=674"}],"wp:term":[{"taxonomy":"category","embeddable":true,"href":"https:\/\/www.ceipmaestrorafaelbravomartin.es\/index.php?rest_route=%2Fwp%2Fv2%2Fcategories&post=674"},{"taxonomy":"post_tag","embeddable":true,"href":"https:\/\/www.ceipmaestrorafaelbravomartin.es\/index.php?rest_route=%2Fwp%2Fv2%2Ftags&post=674"}],"curies":[{"name":"wp","href":"https:\/\/api.w.org\/{rel}","templated":true}]}}