{"id":678,"date":"2014-03-01T12:55:02","date_gmt":"2014-03-01T11:55:02","guid":{"rendered":"http:\/\/blogasuncion.es\/?p=678"},"modified":"2014-10-12T12:53:42","modified_gmt":"2014-10-12T10:53:42","slug":"premios-vive-alcala-del-rio","status":"publish","type":"post","link":"https:\/\/www.ceipmaestrorafaelbravomartin.es\/?p=678","title":{"rendered":"Premios VIVE ALCAL\u00c1 DEL R\u00cdO"},"content":{"rendered":"<p>Se ha celebrado la tercera edici\u00f3n de la Gala de los Premios Vive. Una iniciativa que persigue reconocer el trabajo, labor y dedicaci\u00f3n de vecinos del municipio en diferentes \u00e1reas, como la cultura, la educaci\u00f3n, el deporte, bienestar social, etc<\/p>\n<p><a href=\"http:\/\/blogasuncion.es\/wp-content\/uploads\/2014\/03\/028_CARTEL_PREMIOS_VIVE_2014.jpg_824362120.jpg\"><img loading=\"lazy\" decoding=\"async\" data-attachment-id=\"680\" data-permalink=\"https:\/\/www.ceipmaestrorafaelbravomartin.es\/?attachment_id=680\" data-orig-file=\"https:\/\/www.ceipmaestrorafaelbravomartin.es\/wp-content\/uploads\/2014\/03\/028_CARTEL_PREMIOS_VIVE_2014.jpg_824362120.jpg\" data-orig-size=\"650,920\" data-comments-opened=\"1\" data-image-meta=\"{&quot;aperture&quot;:&quot;0&quot;,&quot;credit&quot;:&quot;&quot;,&quot;camera&quot;:&quot;&quot;,&quot;caption&quot;:&quot;&quot;,&quot;created_timestamp&quot;:&quot;0&quot;,&quot;copyright&quot;:&quot;&quot;,&quot;focal_length&quot;:&quot;0&quot;,&quot;iso&quot;:&quot;0&quot;,&quot;shutter_speed&quot;:&quot;0&quot;,&quot;title&quot;:&quot;&quot;}\" data-image-title=\"028_CARTEL_PREMIOS_VIVE_2014.jpg_824362120\" data-image-description=\"\" data-image-caption=\"\" data-medium-file=\"https:\/\/www.ceipmaestrorafaelbravomartin.es\/wp-content\/uploads\/2014\/03\/028_CARTEL_PREMIOS_VIVE_2014.jpg_824362120-211x300.jpg\" data-large-file=\"https:\/\/www.ceipmaestrorafaelbravomartin.es\/wp-content\/uploads\/2014\/03\/028_CARTEL_PREMIOS_VIVE_2014.jpg_824362120.jpg\" class=\"size-medium wp-image-680 aligncenter\" alt=\"028_CARTEL_PREMIOS_VIVE_2014.jpg_824362120\" src=\"http:\/\/blogasuncion.es\/wp-content\/uploads\/2014\/03\/028_CARTEL_PREMIOS_VIVE_2014.jpg_824362120-211x300.jpg\" width=\"136\" height=\"189\" \/><\/a>.<\/p>\n<blockquote><p>\u00abUn evento que nos re\u00fane cada 28 de Febrero en el marco m\u00e1s insigne posible como es la celebraci\u00f3n del D\u00eda de Andaluc\u00eda y donde se har\u00e1n entrega de los PREMIOS VIVE ALCAL\u00c1 DEL R\u00cdO con la motivaci\u00f3n impl\u00edcita de que se convierta en referente cada a\u00f1o, consiguiendo que el nombre de Alcal\u00e1 del R\u00edo y su gente sobrepasen las fronteras de nuestro municipio\u00bb.<\/p>\n<p>&nbsp;<\/p><\/blockquote>\n<p>Este a\u00f1o, en el \u00e1rea de educaci\u00f3n, muy merecidamente, le ha sido concedido el premio a nuestro compa\u00f1ero D. Jos\u00e9 Palma Casares.<\/p>\n<p><a href=\"http:\/\/blogasuncion.es\/wp-content\/uploads\/2014\/03\/IMAG0027.jpg\"><img loading=\"lazy\" decoding=\"async\" data-attachment-id=\"681\" data-permalink=\"https:\/\/www.ceipmaestrorafaelbravomartin.es\/?attachment_id=681\" data-orig-file=\"https:\/\/www.ceipmaestrorafaelbravomartin.es\/wp-content\/uploads\/2014\/03\/IMAG0027.jpg\" data-orig-size=\"2822,1840\" data-comments-opened=\"1\" data-image-meta=\"{&quot;aperture&quot;:&quot;0&quot;,&quot;credit&quot;:&quot;&quot;,&quot;camera&quot;:&quot;HTC One S&quot;,&quot;caption&quot;:&quot;&quot;,&quot;created_timestamp&quot;:&quot;1393594044&quot;,&quot;copyright&quot;:&quot;&quot;,&quot;focal_length&quot;:&quot;3.63&quot;,&quot;iso&quot;:&quot;225&quot;,&quot;shutter_speed&quot;:&quot;0.039995&quot;,&quot;title&quot;:&quot;&quot;}\" data-image-title=\"IMAG0027\" data-image-description=\"\" data-image-caption=\"\" data-medium-file=\"https:\/\/www.ceipmaestrorafaelbravomartin.es\/wp-content\/uploads\/2014\/03\/IMAG0027-300x195.jpg\" data-large-file=\"https:\/\/www.ceipmaestrorafaelbravomartin.es\/wp-content\/uploads\/2014\/03\/IMAG0027-1024x667.jpg\" class=\"alignnone size-large wp-image-681\" alt=\"IMAG0027\" src=\"http:\/\/blogasuncion.es\/wp-content\/uploads\/2014\/03\/IMAG0027-1024x667.jpg\" width=\"584\" height=\"380\" srcset=\"https:\/\/www.ceipmaestrorafaelbravomartin.es\/wp-content\/uploads\/2014\/03\/IMAG0027-1024x667.jpg 1024w, https:\/\/www.ceipmaestrorafaelbravomartin.es\/wp-content\/uploads\/2014\/03\/IMAG0027-300x195.jpg 300w, https:\/\/www.ceipmaestrorafaelbravomartin.es\/wp-content\/uploads\/2014\/03\/IMAG0027-460x300.jpg 460w\" sizes=\"auto, (max-width: 584px) 100vw, 584px\" \/><\/a><\/p>\n","protected":false},"excerpt":{"rendered":"<p>Se ha celebrado la tercera edici\u00f3n de la Gala de los Premios Vive. Una iniciativa que persigue reconocer el trabajo, labor y dedicaci\u00f3n de vecinos del municipio en diferentes \u00e1reas, como la cultura, la educaci\u00f3n, el deporte, bienestar social, etc . \u00abUn evento que nos re\u00fane cada 28 de Febrero [&hellip;]<\/p>\n","protected":false},"author":4,"featured_media":0,"comment_status":"closed","ping_status":"closed","sticky":false,"template":"","format":"standard","meta":{"jetpack_post_was_ever_published":false,"_jetpack_newsletter_access":"","_jetpack_dont_email_post_to_subs":false,"_jetpack_newsletter_tier_id":0,"_jetpack_memberships_contains_paywalled_content":false,"_jetpack_memberships_contains_paid_content":false,"footnotes":""},"categories":[24,10,2],"tags":[],"class_list":["post-678","post","type-post","status-publish","format-standard","hentry","category-c59-dedicatorias","category-centro","category-info"],"jetpack_featured_media_url":"","jetpack_sharing_enabled":true,"jetpack_shortlink":"https:\/\/wp.me\/p9VlHp-aW","jetpack-related-posts":[{"id":138,"url":"https:\/\/www.ceipmaestrorafaelbravomartin.es\/?p=138","url_meta":{"origin":678,"position":0},"title":"Nombre de nuestro Centro, por qu\u00e9 y desde cu\u00e1ndo.","author":"CEIP Maestro Rafael Bravo Mart\u00edn","date":"28 enero, 2011","format":false,"excerpt":"\u00a0\u00a0\u00a0 Para cualquier alcalare\u00f1o\/a no es extra\u00f1o el nombre de nuestro Centro, pues as\u00ed se llama la Patrona de Alcal\u00e1 del R\u00edo, no obstante la respuesta a las dos cuestiones planteadas las podemos encontrar en un Acta de Pleno del Ayuntamieno que resumida dice:\u00a0\u00a0 Sesi\u00f3n de Pleno del Ayuntamiento celebrada\u2026","rel":"","context":"En \u00abHistoria\u00bb","block_context":{"text":"Historia","link":"https:\/\/www.ceipmaestrorafaelbravomartin.es\/?cat=43"},"img":{"alt_text":"","src":"","width":0,"height":0},"classes":[]},{"id":580,"url":"https:\/\/www.ceipmaestrorafaelbravomartin.es\/?p=580","url_meta":{"origin":678,"position":1},"title":"Nueva denominaci\u00f3n CEIP Maestro Rafael Bravo Mart\u00edn","author":"CEIP Maestro Rafael Bravo Mart\u00edn","date":"10 octubre, 2013","format":false,"excerpt":"El d\u00eda 29 de enero de 2013, en sesi\u00f3n extraordinaria de Consejo Escolar celebrada tras el fallecimiento de Don Rafael Bravo Mart\u00edn, se aprob\u00f3 por unanimidad solicitar al Excelent\u00edsimo Ayuntamiento de Alcal\u00e1 del R\u00edo que el CEIP Ntra Sra de la Asunci\u00f3n pasara a llamarse CEIP Maestro Rafael Bravo Mart\u00edn\u2026","rel":"","context":"En \u00abHistoria\u00bb","block_context":{"text":"Historia","link":"https:\/\/www.ceipmaestrorafaelbravomartin.es\/?cat=43"},"img":{"alt_text":"","src":"","width":0,"height":0},"classes":[]},{"id":244,"url":"https:\/\/www.ceipmaestrorafaelbravomartin.es\/?p=244","url_meta":{"origin":678,"position":2},"title":"\u00c1lvarez de la Chica entrega los Premios al Reconocimiento del M\u00e9rito en el \u00c1mbito Educ. de Sevilla","author":"CEIP Maestro Rafael Bravo Mart\u00edn","date":"13 abril, 2012","format":false,"excerpt":"Los galardones distinguen a personas y entidades que destacan por su contribuci\u00f3n a la mejora de la calidad de la ense\u00f1anza en la provincia Jueves, 12 de abril de 2012 El consejero de Educaci\u00f3n en funciones, Francisco \u00c1lvarez de la Chica, ha presidido el acto de entrega de los Premios\u2026","rel":"","context":"En \u00abEl centro\u00bb","block_context":{"text":"El centro","link":"https:\/\/www.ceipmaestrorafaelbravomartin.es\/?cat=10"},"img":{"alt_text":"","src":"","width":0,"height":0},"classes":[]},{"id":34,"url":"https:\/\/www.ceipmaestrorafaelbravomartin.es\/?p=34","url_meta":{"origin":678,"position":3},"title":"Biblioteca Escolar","author":"CEIP Maestro Rafael Bravo Mart\u00edn","date":"18 octubre, 2010","format":false,"excerpt":"El colegio p\u00fablico Nuestra Se\u00f1ora de Asunci\u00f3n de Alcal\u00e1 del R\u00edo dispone de una magnifica biblioteca de centro, instalada en una sala de la segunda planta , dicha sala est\u00e1 habilitada con 9 mesas y unas 40 sillas para la lectura y el estudio, 5 estanter\u00edas grandes\u00a0 de madera de\u2026","rel":"","context":"En \u00abPlanes y programas\u00bb","block_context":{"text":"Planes y programas","link":"https:\/\/www.ceipmaestrorafaelbravomartin.es\/?cat=23"},"img":{"alt_text":"","src":"","width":0,"height":0},"classes":[]},{"id":135,"url":"https:\/\/www.ceipmaestrorafaelbravomartin.es\/?p=135","url_meta":{"origin":678,"position":4},"title":"Consejo Escolar del 18 de enero de 2011","author":"CEIP Maestro Rafael Bravo Mart\u00edn","date":"24 enero, 2011","format":false,"excerpt":"En Alcal\u00e1 del R\u00edo, siendo las 17,15 horas del d\u00eda 18 de enero de 2011, se re\u00fane el Consejo Escolar del Centro para tratar los siguientes temas:1. An\u00e1lisis de los resultados escolares de la 1\u00aa Evaluaci\u00f3n en porcentajes, por \u00e1reas y \u00a0calificaciones medias por \u00e1reas y cursos.2. Se apruebe la\u2026","rel":"","context":"En \u00abConsejo escolar\u00bb","block_context":{"text":"Consejo escolar","link":"https:\/\/www.ceipmaestrorafaelbravomartin.es\/?cat=12"},"img":{"alt_text":"","src":"","width":0,"height":0},"classes":[]},{"id":8,"url":"https:\/\/www.ceipmaestrorafaelbravomartin.es\/?p=8","url_meta":{"origin":678,"position":5},"title":"Localizacion","author":"CEIP Maestro Rafael Bravo Mart\u00edn","date":"13 octubre, 2010","format":false,"excerpt":"El C.E.I.P. Ntra. Sra. de la Asunci\u00f3n se encuentra en Alcal\u00e1 del R\u00edo en la provincia de Sevilla. Est\u00e1 situado en la Calle Luis Jaramillo, s\/n, en la barriada Nueva Ciudad de Alcal\u00e1 del R\u00edo, localidad pr\u00f3xima a Sevilla, de la que dista 16 kil\u00f3metros. \u00a0Aqu\u00ed os dejo el mapa\u2026","rel":"","context":"En \u00abEl centro\u00bb","block_context":{"text":"El centro","link":"https:\/\/www.ceipmaestrorafaelbravomartin.es\/?cat=10"},"img":{"alt_text":"","src":"","width":0,"height":0},"classes":[]}],"_links":{"self":[{"href":"https:\/\/www.ceipmaestrorafaelbravomartin.es\/index.php?rest_route=\/wp\/v2\/posts\/678","targetHints":{"allow":["GET"]}}],"collection":[{"href":"https:\/\/www.ceipmaestrorafaelbravomartin.es\/index.php?rest_route=\/wp\/v2\/posts"}],"about":[{"href":"https:\/\/www.ceipmaestrorafaelbravomartin.es\/index.php?rest_route=\/wp\/v2\/types\/post"}],"author":[{"embeddable":true,"href":"https:\/\/www.ceipmaestrorafaelbravomartin.es\/index.php?rest_route=\/wp\/v2\/users\/4"}],"replies":[{"embeddable":true,"href":"https:\/\/www.ceipmaestrorafaelbravomartin.es\/index.php?rest_route=%2Fwp%2Fv2%2Fcomments&post=678"}],"version-history":[{"count":6,"href":"https:\/\/www.ceipmaestrorafaelbravomartin.es\/index.php?rest_route=\/wp\/v2\/posts\/678\/revisions"}],"predecessor-version":[{"id":686,"href":"https:\/\/www.ceipmaestrorafaelbravomartin.es\/index.php?rest_route=\/wp\/v2\/posts\/678\/revisions\/686"}],"wp:attachment":[{"href":"https:\/\/www.ceipmaestrorafaelbravomartin.es\/index.php?rest_route=%2Fwp%2Fv2%2Fmedia&parent=678"}],"wp:term":[{"taxonomy":"category","embeddable":true,"href":"https:\/\/www.ceipmaestrorafaelbravomartin.es\/index.php?rest_route=%2Fwp%2Fv2%2Fcategories&post=678"},{"taxonomy":"post_tag","embeddable":true,"href":"https:\/\/www.ceipmaestrorafaelbravomartin.es\/index.php?rest_route=%2Fwp%2Fv2%2Ftags&post=678"}],"curies":[{"name":"wp","href":"https:\/\/api.w.org\/{rel}","templated":true}]}}