{"id":70,"date":"2010-10-27T08:10:14","date_gmt":"2010-10-27T06:10:14","guid":{"rendered":"http:\/\/blogasuncion.es\/?p=70"},"modified":"2014-10-12T20:19:27","modified_gmt":"2014-10-12T18:19:27","slug":"reciclar-es-tarea-de-todos","status":"publish","type":"post","link":"https:\/\/www.ceipmaestrorafaelbravomartin.es\/?p=70","title":{"rendered":"RECICLAR ES TAREA DE TODOS Y TODAS."},"content":{"rendered":"<p>Al llegar nos asignaron uno para nuestro grupo y nos explic\u00f3 el juego que ten\u00edamos que realizar. Era muy divertido, nos mostraban unas cartas con dibujos de envases de pl\u00e1stico, vidrio, papel o cart\u00f3n. Despu\u00e9s el monitor nos dividi\u00f3 en dos filas, en cada fila hab\u00eda tres contenedores: verde, amarillo y azul. Cuando ya supimos de que iba el juego, comenzamos a jugar. Cada jugador se lanzaba al castillo, cog\u00eda una carta y la llevaba a su contenedor correspondiente.Pero hab\u00eda cartas que no coincid\u00edan con ning\u00fan contenedor y eso provocaba el que hubieran fallos. As\u00ed aprendimos a depositar cada envase en su lugar y a comprender que pueden seguir siendo \u00fatiles despu\u00e9s de reciclarlos correctamente. Ayudemos a la naturaleza y al medio ambiente a que no padezca m\u00e1s por nuestra causa,\u00a0 porque poniendo todos un poco de nuestra parte, conseguiremos un mundo mejor.\u00a0\u00a0\u00a0\u00a0\u00a0\u00a0\u00a0\u00a0\u00a0\u00a0\u00a0\u00a0\u00a0\u00a0\u00a0\u00a0\u00a0\u00a0\u00a0\u00a0\u00a0\u00a0\u00a0\u00a0\u00a0\u00a0\u00a0\u00a0\u00a0\u00a0\u00a0\u00a0\u00a0\u00a0\u00a0\u00a0\u00a0\u00a0\u00a0\u00a0\u00a0\u00a0\u00a0\u00a0\u00a0\u00a0\u00a0\u00a0\u00a0\u00a0\u00a0\u00a0\u00a0\u00a0\u00a0\u00a0\u00a0\u00a0\u00a0\u00a0\u00a0\u00a0\u00a0\u00a0\u00a0\u00a0\u00a0\u00a0\u00a0\u00a0\u00a0\u00a0\u00a0\u00a0\u00a0\u00a0\u00a0\u00a0\u00a0\u00a0\u00a0\u00a0\u00a0 <\/p>\n<p align=\"right\">\u00a0\u00a0\u00a0\u00a0\u00a0JAIME J. R. 4\u00aa A<\/p>\n<p>&nbsp;<\/p>\n","protected":false},"excerpt":{"rendered":"<p>El martes d\u00eda 19, fuimos a la parte trasera del instituto para realizar una visita a un autob\u00fas de reciclaje. All\u00ed hab\u00eda un castillo hinchable y unos monitores.\u00a0<\/p>\n","protected":false},"author":4,"featured_media":0,"comment_status":"closed","ping_status":"open","sticky":false,"template":"","format":"standard","meta":{"jetpack_post_was_ever_published":false,"_jetpack_newsletter_access":"","_jetpack_dont_email_post_to_subs":false,"_jetpack_newsletter_tier_id":0,"_jetpack_memberships_contains_paywalled_content":false,"_jetpack_memberships_contains_paid_content":false,"footnotes":""},"categories":[29],"tags":[80],"class_list":["post-70","post","type-post","status-publish","format-standard","hentry","category-noticias-int","tag-reciclar"],"jetpack_featured_media_url":"","jetpack_sharing_enabled":true,"jetpack_shortlink":"https:\/\/wp.me\/p9VlHp-18","jetpack-related-posts":[{"id":82,"url":"https:\/\/www.ceipmaestrorafaelbravomartin.es\/?p=82","url_meta":{"origin":70,"position":0},"title":"Reuni\u00f3n con las familias en Ed. Infantil","author":"CEIP Maestro Rafael Bravo Mart\u00edn","date":"29 noviembre, 2009","format":false,"excerpt":"El 26 de octubre del 2010 se llev\u00f3 a cabo la reuni\u00f3n con las \u00a0 familias del alumnado de Educaci\u00f3n Infantil. En ella se trataron entre otros los siguientes puntos:","rel":"","context":"En \u00abEducaci\u00f3n Infantil\u00bb","block_context":{"text":"Educaci\u00f3n Infantil","link":"https:\/\/www.ceipmaestrorafaelbravomartin.es\/?cat=26"},"img":{"alt_text":"*","src":"file:\/\/\/C:\/DOCUME~1\/ANGELO~1\/CONFIG~1\/Temp\/msohtml1\/01\/clip_image001.gif","width":350,"height":200},"classes":[]},{"id":204,"url":"https:\/\/www.ceipmaestrorafaelbravomartin.es\/?p=204","url_meta":{"origin":70,"position":1},"title":"Vista al pabell\u00f3n de Marruecos por 4\u00ba de Primaria.","author":"CEIP Maestro Rafael Bravo Mart\u00edn","date":"12 noviembre, 2011","format":false,"excerpt":"El d\u00eda 3 de noviembre los alumnos-as de 4\u00ba A y B visitamos el pabell\u00f3n de Marruecos, en Sevilla.\u00a0Adem\u00e1s de ense\u00f1arnos el pabell\u00f3n, participamos en una serie de talleres culturales que resultaron muy interesantes. En primer lugar, nos explicaron cuales son los objetivos del milenio (se\u00f1alados por la ONU) y\u2026","rel":"","context":"En \u00abCurso 2011\/12\u00bb","block_context":{"text":"Curso 2011\/12","link":"https:\/\/www.ceipmaestrorafaelbravomartin.es\/?cat=45"},"img":{"alt_text":"","src":"","width":0,"height":0},"classes":[]},{"id":34,"url":"https:\/\/www.ceipmaestrorafaelbravomartin.es\/?p=34","url_meta":{"origin":70,"position":2},"title":"Biblioteca Escolar","author":"CEIP Maestro Rafael Bravo Mart\u00edn","date":"18 octubre, 2010","format":false,"excerpt":"El colegio p\u00fablico Nuestra Se\u00f1ora de Asunci\u00f3n de Alcal\u00e1 del R\u00edo dispone de una magnifica biblioteca de centro, instalada en una sala de la segunda planta , dicha sala est\u00e1 habilitada con 9 mesas y unas 40 sillas para la lectura y el estudio, 5 estanter\u00edas grandes\u00a0 de madera de\u2026","rel":"","context":"En \u00abPlanes y programas\u00bb","block_context":{"text":"Planes y programas","link":"https:\/\/www.ceipmaestrorafaelbravomartin.es\/?cat=23"},"img":{"alt_text":"","src":"","width":0,"height":0},"classes":[]},{"id":170,"url":"https:\/\/www.ceipmaestrorafaelbravomartin.es\/?p=170","url_meta":{"origin":70,"position":3},"title":"Verbena 2011","author":"CEIP Maestro Rafael Bravo Mart\u00edn","date":"27 junio, 2011","format":false,"excerpt":"El pasado viernes 24 de junio, nuestro Cole ha celebrado el final de curso con su tradicional Verbena.","rel":"","context":"En \u00abActividades extraescolares\u00bb","block_context":{"text":"Actividades extraescolares","link":"https:\/\/www.ceipmaestrorafaelbravomartin.es\/?cat=14"},"img":{"alt_text":"","src":"","width":0,"height":0},"classes":[]},{"id":202,"url":"https:\/\/www.ceipmaestrorafaelbravomartin.es\/?p=202","url_meta":{"origin":70,"position":4},"title":"Nota informativa padres\/madres del Centro.","author":"CEIP Maestro Rafael Bravo Mart\u00edn","date":"10 noviembre, 2011","format":false,"excerpt":"\u00a0Estimados padres\/madres del CEIP Ntra. Sra. Asunci\u00f3n: \u00a0 Como est\u00e1is viendo la obra de arreglo del muro de la calle Luis Jaramillo est\u00e1 en marcha.. Lo previsto en el proyecto al finalizar la obra es hacer una puerta lateral al final de dicha calle. El solar que se encuentra enfrente\u2026","rel":"","context":"En \u00abConsejo escolar\u00bb","block_context":{"text":"Consejo escolar","link":"https:\/\/www.ceipmaestrorafaelbravomartin.es\/?cat=12"},"img":{"alt_text":"","src":"","width":0,"height":0},"classes":[]},{"id":230,"url":"https:\/\/www.ceipmaestrorafaelbravomartin.es\/?p=230","url_meta":{"origin":70,"position":5},"title":"D\u00eda de Andaluc\u00eda","author":"CEIP Maestro Rafael Bravo Mart\u00edn","date":"2 marzo, 2012","format":false,"excerpt":"Con motivo de la celebraci\u00f3n de Di\u00e1 de Andaluc\u00eda, en nuestro Centro se llevaron a cabo diversas actividades durante la semana previa al mismo. \u00a0 En Infantil se trabaj\u00f3 en clase con la ralizaci\u00f3n de diversas fichas. \u00a0 Primer Ciclo de Primaria particip\u00f3 en una Gymkana que organizamos desde el\u2026","rel":"","context":"En \u00abSin categor\u00eda\u00bb","block_context":{"text":"Sin categor\u00eda","link":"https:\/\/www.ceipmaestrorafaelbravomartin.es\/?cat=1"},"img":{"alt_text":"","src":"","width":0,"height":0},"classes":[]}],"_links":{"self":[{"href":"https:\/\/www.ceipmaestrorafaelbravomartin.es\/index.php?rest_route=\/wp\/v2\/posts\/70","targetHints":{"allow":["GET"]}}],"collection":[{"href":"https:\/\/www.ceipmaestrorafaelbravomartin.es\/index.php?rest_route=\/wp\/v2\/posts"}],"about":[{"href":"https:\/\/www.ceipmaestrorafaelbravomartin.es\/index.php?rest_route=\/wp\/v2\/types\/post"}],"author":[{"embeddable":true,"href":"https:\/\/www.ceipmaestrorafaelbravomartin.es\/index.php?rest_route=\/wp\/v2\/users\/4"}],"replies":[{"embeddable":true,"href":"https:\/\/www.ceipmaestrorafaelbravomartin.es\/index.php?rest_route=%2Fwp%2Fv2%2Fcomments&post=70"}],"version-history":[{"count":1,"href":"https:\/\/www.ceipmaestrorafaelbravomartin.es\/index.php?rest_route=\/wp\/v2\/posts\/70\/revisions"}],"predecessor-version":[{"id":970,"href":"https:\/\/www.ceipmaestrorafaelbravomartin.es\/index.php?rest_route=\/wp\/v2\/posts\/70\/revisions\/970"}],"wp:attachment":[{"href":"https:\/\/www.ceipmaestrorafaelbravomartin.es\/index.php?rest_route=%2Fwp%2Fv2%2Fmedia&parent=70"}],"wp:term":[{"taxonomy":"category","embeddable":true,"href":"https:\/\/www.ceipmaestrorafaelbravomartin.es\/index.php?rest_route=%2Fwp%2Fv2%2Fcategories&post=70"},{"taxonomy":"post_tag","embeddable":true,"href":"https:\/\/www.ceipmaestrorafaelbravomartin.es\/index.php?rest_route=%2Fwp%2Fv2%2Ftags&post=70"}],"curies":[{"name":"wp","href":"https:\/\/api.w.org\/{rel}","templated":true}]}}