{"id":732,"date":"2014-04-28T18:55:20","date_gmt":"2014-04-28T16:55:20","guid":{"rendered":"http:\/\/blogasuncion.es\/?p=732"},"modified":"2014-10-12T12:50:52","modified_gmt":"2014-10-12T10:50:52","slug":"mi-platero-y-yo","status":"publish","type":"post","link":"https:\/\/www.ceipmaestrorafaelbravomartin.es\/?p=732","title":{"rendered":"Mi Platero y Yo"},"content":{"rendered":"<p style=\"text-align: center;\">Con motivo de la Jornada Cultural de nuestro colegio, hemos querido rendir homenaje al escritor Juan Ram\u00f3n Jim\u00e9nez y al centenario de la publicaci\u00f3n de su c\u00e9lebre obra<\/p>\n<p style=\"text-align: center;\">\u00abPLATERO Y YO\u00bb.<\/p>\n<p style=\"text-align: center;\">El alumnado de Educaci\u00f3n Infantil ha realizado diversas actividades:<\/p>\n<p style=\"text-align: center;\">Lectura de fragmentos de \u00abPlatero y Yo\u00bb, lectura de la biograf\u00eda de Juan Ram\u00f3n Jim\u00e9nez, dibujos del burrito Platero utilizando diferentes t\u00e9cnicas pl\u00e1sticas, etc.<\/p>\n<p style=\"text-align: center;\">Paralelamente los ni\u00f1os y las ni\u00f1as han traido fotos junto o montados en un burro, que les han permitido disfrutar y conocer de cerca a este entra\u00f1able animal,que por estar en peligro de desaparici\u00f3n, les era casi desconocido.<\/p>\n<p style=\"text-align: center;\">De esas fotos os dejamos una peque\u00f1a muestra en el siguiente librito.<\/p>\n<p style=\"text-align: center;\"><strong>\u00a1Felicidades Platero!<\/strong><\/p>\n<div style=\"text-align: center;\">\n<div style=\"margin: 8px 0px 4px;\"><a href=\"http:\/\/www.calameo.com\/books\/003342323575bf085074e\" target=\"_blank\">MI PLATERO Y YO<\/a><\/div>\n<p><iframe loading=\"lazy\" style=\"margin: 0 auto;\" src=\"\/\/v.calameo.com\/?bkcode=003342323575bf085074e\" height=\"356\" width=\"550\" allowfullscreen=\"\" frameborder=\"0\" scrolling=\"no\"><\/iframe><\/p>\n<div style=\"margin: 4px 0px 8px;\"><a href=\"http:\/\/www.calameo.com\/\">Publish at Calameo<\/a> or <a href=\"http:\/\/www.calameo.com\/browse\">read more publications<\/a>.<\/div>\n<\/div>\n","protected":false},"excerpt":{"rendered":"<p>Con motivo de la Jornada Cultural de nuestro colegio, hemos querido rendir homenaje al escritor Juan Ram\u00f3n Jim\u00e9nez y al centenario de la publicaci\u00f3n de su c\u00e9lebre obra \u00abPLATERO Y YO\u00bb. El alumnado de Educaci\u00f3n Infantil ha realizado diversas actividades: Lectura de fragmentos de \u00abPlatero y Yo\u00bb, lectura de la [&hellip;]<\/p>\n","protected":false},"author":4,"featured_media":0,"comment_status":"closed","ping_status":"closed","sticky":false,"template":"","format":"standard","meta":{"jetpack_post_was_ever_published":false,"_jetpack_newsletter_access":"","_jetpack_dont_email_post_to_subs":false,"_jetpack_newsletter_tier_id":0,"_jetpack_memberships_contains_paywalled_content":false,"_jetpack_memberships_contains_paid_content":false,"footnotes":""},"categories":[26,3],"tags":[],"class_list":["post-732","post","type-post","status-publish","format-standard","hentry","category-infantil","category-noticiero"],"jetpack_featured_media_url":"","jetpack_sharing_enabled":true,"jetpack_shortlink":"https:\/\/wp.me\/p9VlHp-bO","jetpack-related-posts":[{"id":1028,"url":"https:\/\/www.ceipmaestrorafaelbravomartin.es\/?p=1028","url_meta":{"origin":732,"position":0},"title":"Simposio Internacional: Cien a\u00f1os de Platero y Yo","author":"CEIP Maestro Rafael Bravo Mart\u00edn","date":"30 noviembre, 2014","format":false,"excerpt":"Platero es peque\u00f1o,\u00a0 peludo, suave... y sigue si\u00e9ndolo \u00a1aunque ya ha cumplido 100 a\u00f1os! La C\u00e1tedra Juan Ram\u00f3n Jim\u00e9nez de la Universidad de Huelva ha celebrado durante los d\u00edas 24 a 28 de noviembre el Simposio Internacional: \"CIEN A\u00d1OS DE PLATERO Y YO\" y, como representantes de nuestro blog y\u2026","rel":"","context":"En \u00abEl centro\u00bb","block_context":{"text":"El centro","link":"https:\/\/www.ceipmaestrorafaelbravomartin.es\/?cat=10"},"img":{"alt_text":"http:\/\/www.moguerplatero2014.es\/","src":"https:\/\/i0.wp.com\/4.bp.blogspot.com\/-hHbQ5g5s3Fs\/Uz7M0itRmdI\/AAAAAAAADtc\/vTqyzIIp5Fs\/s1600\/Captura%2Bde%2Bpantalla%2B2014-04-04%2Ba%2Blas%2B17.16.05.png?resize=350%2C200","width":350,"height":200},"classes":[]},{"id":716,"url":"https:\/\/www.ceipmaestrorafaelbravomartin.es\/?p=716","url_meta":{"origin":732,"position":1},"title":"Caligramas de Platero","author":"CEIP Maestro Rafael Bravo Mart\u00edn","date":"7 abril, 2014","format":false,"excerpt":"Seguimos trabajando Platero y yo. Antonio, tutor de 5\u00baB, lo ha hecho ense\u00f1ando a su alumnado una t\u00e9cnica poco usada y muy adecuada para estos cap\u00edtulos cortos de Platero: EL CALIGRAMA Se han montado a modo de cuaderno o librito con CALAM\u00c9O Merece la pena pararse a verlos despacito, hacer\u2026","rel":"","context":"En \u00abTercer ciclo de Primaria\u00bb","block_context":{"text":"Tercer ciclo de Primaria","link":"https:\/\/www.ceipmaestrorafaelbravomartin.es\/?cat=25"},"img":{"alt_text":"","src":"","width":0,"height":0},"classes":[]},{"id":704,"url":"https:\/\/www.ceipmaestrorafaelbravomartin.es\/?p=704","url_meta":{"origin":732,"position":2},"title":"Jornadas Culturales 2014:PLATERO CUMPLE CIEN A\u00d1OS","author":"CEIP Maestro Rafael Bravo Mart\u00edn","date":"26 marzo, 2014","format":false,"excerpt":"No hay otro burrito m\u00e1s longevo que Platero. Este a\u00f1o es el a\u00f1o de Platero. Cumple 100 a\u00f1os. La importancia de Platero la podemos comprobar por la cantidad de ediciones de esta eleg\u00eda, que s\u00f3lo es superada por la Biblia y el Quijote . Nuestro centro le dedica sus Jornadas\u2026","rel":"","context":"En \u00abNoticiero\u00bb","block_context":{"text":"Noticiero","link":"https:\/\/www.ceipmaestrorafaelbravomartin.es\/?cat=3"},"img":{"alt_text":"","src":"","width":0,"height":0},"classes":[]},{"id":736,"url":"https:\/\/www.ceipmaestrorafaelbravomartin.es\/?p=736","url_meta":{"origin":732,"position":3},"title":"Platero y Yo (Pictogramas)","author":"CEIP Maestro Rafael Bravo Mart\u00edn","date":"22 mayo, 2014","format":false,"excerpt":"Un gran trabajo realizado en el Aula Espec\u00edfica, que merece ser conocido por toda la Comunidad Escolar de nuestro centro.","rel":"","context":"En \u00abEducaci\u00f3n Especial\u00bb","block_context":{"text":"Educaci\u00f3n Especial","link":"https:\/\/www.ceipmaestrorafaelbravomartin.es\/?cat=102"},"img":{"alt_text":"","src":"","width":0,"height":0},"classes":[]},{"id":3002,"url":"https:\/\/www.ceipmaestrorafaelbravomartin.es\/?p=3002","url_meta":{"origin":732,"position":4},"title":"Cient\u00edficas antes que yo","author":"CEIP Maestro Rafael Bravo Mart\u00edn","date":"8 marzo, 2021","format":false,"excerpt":"Para la celebraci\u00f3n del 11 de febrero \u201cD\u00eda de la mujer y la ni\u00f1a en la ciencia\u201d desde el Plan de Igualdad, hemos propuesto trabajar en las clases a diferentes mujeres cient\u00edficas con el objetivo de visibilizar su labor. En Educaci\u00f3n Infantil y 1\u00ba de Educaci\u00f3n Primaria hemos contado la\u2026","rel":"","context":"En \u00abCoeducaci\u00f3n\u00bb","block_context":{"text":"Coeducaci\u00f3n","link":"https:\/\/www.ceipmaestrorafaelbravomartin.es\/?cat=114"},"img":{"alt_text":"","src":"https:\/\/i0.wp.com\/img.youtube.com\/vi\/1GBH0k42VmY\/0.jpg?resize=350%2C200","width":350,"height":200},"classes":[]},{"id":1157,"url":"https:\/\/www.ceipmaestrorafaelbravomartin.es\/?p=1157","url_meta":{"origin":732,"position":5},"title":"Infantil: Promoci\u00f3n 2012\/2015","author":"CEIP Maestro Rafael Bravo Mart\u00edn","date":"17 junio, 2015","format":false,"excerpt":"Despu\u00e9s de tres a\u00f1os nuestros peque\u00f1os y peque\u00f1as llegan al final de la Etapa de Infantil. Hoy, junto con sus familiares y maestras, han celebrado su Graduaci\u00f3n en esta etapa tan importante de su educaci\u00f3n. De ello hemos recogido im\u00e1genes que os dejamos en el siguiente v\u00eddeo. \u00a0 Como Coordinadora\u2026","rel":"","context":"En \u00abCelebraciones\u00bb","block_context":{"text":"Celebraciones","link":"https:\/\/www.ceipmaestrorafaelbravomartin.es\/?cat=42"},"img":{"alt_text":"","src":"","width":0,"height":0},"classes":[]}],"_links":{"self":[{"href":"https:\/\/www.ceipmaestrorafaelbravomartin.es\/index.php?rest_route=\/wp\/v2\/posts\/732","targetHints":{"allow":["GET"]}}],"collection":[{"href":"https:\/\/www.ceipmaestrorafaelbravomartin.es\/index.php?rest_route=\/wp\/v2\/posts"}],"about":[{"href":"https:\/\/www.ceipmaestrorafaelbravomartin.es\/index.php?rest_route=\/wp\/v2\/types\/post"}],"author":[{"embeddable":true,"href":"https:\/\/www.ceipmaestrorafaelbravomartin.es\/index.php?rest_route=\/wp\/v2\/users\/4"}],"replies":[{"embeddable":true,"href":"https:\/\/www.ceipmaestrorafaelbravomartin.es\/index.php?rest_route=%2Fwp%2Fv2%2Fcomments&post=732"}],"version-history":[{"count":3,"href":"https:\/\/www.ceipmaestrorafaelbravomartin.es\/index.php?rest_route=\/wp\/v2\/posts\/732\/revisions"}],"predecessor-version":[{"id":815,"href":"https:\/\/www.ceipmaestrorafaelbravomartin.es\/index.php?rest_route=\/wp\/v2\/posts\/732\/revisions\/815"}],"wp:attachment":[{"href":"https:\/\/www.ceipmaestrorafaelbravomartin.es\/index.php?rest_route=%2Fwp%2Fv2%2Fmedia&parent=732"}],"wp:term":[{"taxonomy":"category","embeddable":true,"href":"https:\/\/www.ceipmaestrorafaelbravomartin.es\/index.php?rest_route=%2Fwp%2Fv2%2Fcategories&post=732"},{"taxonomy":"post_tag","embeddable":true,"href":"https:\/\/www.ceipmaestrorafaelbravomartin.es\/index.php?rest_route=%2Fwp%2Fv2%2Ftags&post=732"}],"curies":[{"name":"wp","href":"https:\/\/api.w.org\/{rel}","templated":true}]}}