{"id":75,"date":"2010-10-27T12:09:44","date_gmt":"2010-10-27T10:09:44","guid":{"rendered":"http:\/\/blogasuncion.es\/?p=75"},"modified":"2014-10-12T20:18:57","modified_gmt":"2014-10-12T18:18:57","slug":"queremos-escribir","status":"publish","type":"post","link":"https:\/\/www.ceipmaestrorafaelbravomartin.es\/?p=75","title":{"rendered":"\u00a1Queremos escribir!"},"content":{"rendered":"<p>\u00a0 Pues para que os acord\u00e9is del <u><em><strong>peri\u00f3dico <\/strong><\/em><\/u>del colegio, ya s\u00e9 que a much@s os gusta escribir cosas, y ech\u00e9is un ratito de vez en cuando cont\u00e1ndonos alguna noticia, recomendando una receta , hablando de deportes o escribiendo un cuento.<\/p>\n<p>Como todos los a\u00f1os , aunque no nos hagan ni caso, invitamos a los padres y madres, a antiguos alumnos y alumnas,\u00a0 a que escriban algo para el peri\u00f3dico, si es que les apetece.<\/p>\n<p>En la web del centro , en peri\u00f3dico escolar, ten\u00e9is todas las secciones. Ya iremos explicando m\u00e1s detalles de c\u00f3mo mandar los escritos directamente aqu\u00ed.<\/p>\n<p style=\"text-align: right\">\u00a0\u00a0\u00a0\u00a0\u00a0\u00a0\u00a0\u00a0\u00a0\u00a0 Saludos, y hasta pronto.<\/p>\n<p>&nbsp;<\/p>\n","protected":false},"excerpt":{"rendered":"<p>\u00a1 Hola a tod@s!\u00a0 Este fin de semana cambiaremos la hora en los relojes, con lo cual va a anochecer una hora antes que hoy y que ma\u00f1ana. Pronto empezar\u00e1 a hacer fr\u00edo y nos gustar\u00e1 quedarnos en casa calentitos y haciendo cosas que nos gusten.<\/p>\n<p>\u00bfPara qu\u00e9 digo esto?\u00a0<\/p>\n","protected":false},"author":4,"featured_media":0,"comment_status":"closed","ping_status":"open","sticky":false,"template":"","format":"standard","meta":{"jetpack_post_was_ever_published":false,"_jetpack_newsletter_access":"","_jetpack_dont_email_post_to_subs":false,"_jetpack_newsletter_tier_id":0,"_jetpack_memberships_contains_paywalled_content":false,"_jetpack_memberships_contains_paid_content":false,"footnotes":""},"categories":[17],"tags":[85,84],"class_list":["post-75","post","type-post","status-publish","format-standard","hentry","category-c45-periodico","tag-informacion","tag-periodico"],"jetpack_featured_media_url":"","jetpack_sharing_enabled":true,"jetpack_shortlink":"https:\/\/wp.me\/p9VlHp-1d","jetpack-related-posts":[{"id":283,"url":"https:\/\/www.ceipmaestrorafaelbravomartin.es\/?p=283","url_meta":{"origin":75,"position":0},"title":"1\u00aa tirada del peri\u00f3dico &#8211;  2012-13","author":"CEIP Maestro Rafael Bravo Mart\u00edn","date":"15 enero, 2013","format":false,"excerpt":"TALLER DE PERI\u00d3DICO Otro a\u00f1o mas nos disponemos a sacar el peri\u00f3dico del colegio Asunci\u00f3n. Por lo tanto animamos a todo el alumnado, profesorado, padres y madres, a participar en esta edici\u00f3n de \u201c Ventana Escolar\u201d. Os recordamos la direcci\u00f3n de correo electr\u00f3nico: periodicoasuncion@gmail.com -Se admitir\u00e1n trabajos tanto a mano\u2026","rel":"","context":"En \u00abInformaci\u00f3n\u00bb","block_context":{"text":"Informaci\u00f3n","link":"https:\/\/www.ceipmaestrorafaelbravomartin.es\/?cat=17"},"img":{"alt_text":"","src":"","width":0,"height":0},"classes":[]},{"id":225,"url":"https:\/\/www.ceipmaestrorafaelbravomartin.es\/?p=225","url_meta":{"origin":75,"position":1},"title":"1\u00aa tirada del peri\u00f3dico &#8211; Curso 2011-12","author":"CEIP Maestro Rafael Bravo Mart\u00edn","date":"7 febrero, 2012","format":false,"excerpt":"\u00a0 TALLER DE PERI\u00d3DICO \u00a0 Un a\u00f1o m\u00e1s, y ya van unos pocos, nos disponemos a sacar el peri\u00f3dico del colegio Asunci\u00f3n. Por lo tanto animamos a todo el alumnado, profesorado, padres y madres, a participar en esta edici\u00f3n de \u201c Ventana Escolar\u201d. \u00a0 Os recordamos la direcci\u00f3n de correo\u2026","rel":"","context":"En \u00abInformaci\u00f3n\u00bb","block_context":{"text":"Informaci\u00f3n","link":"https:\/\/www.ceipmaestrorafaelbravomartin.es\/?cat=17"},"img":{"alt_text":"","src":"","width":0,"height":0},"classes":[]},{"id":76,"url":"https:\/\/www.ceipmaestrorafaelbravomartin.es\/?p=76","url_meta":{"origin":75,"position":2},"title":"Libro recomendado: La monta\u00f1a farsante","author":"CEIP Maestro Rafael Bravo Mart\u00edn","date":"27 octubre, 2010","format":false,"excerpt":"La monta\u00f1a farsante , Sid Fleischman.Sid Fleischman, premiado much\u00edsimas veces por sus libros, es un maestro de la aventura, el humor y el suspense .Nunca le falta imaginaci\u00f3n para escribir sus libros.En \u00e9ste, a Wiley, hijo de un periodista, pueden pasarle las cosas m\u00e1s extra\u00f1as: que la b\u00fasqueda de su\u2026","rel":"","context":"En \u00abRecomendaciones\u00bb","block_context":{"text":"Recomendaciones","link":"https:\/\/www.ceipmaestrorafaelbravomartin.es\/?cat=22"},"img":{"alt_text":"","src":"","width":0,"height":0},"classes":[]},{"id":91,"url":"https:\/\/www.ceipmaestrorafaelbravomartin.es\/?p=91","url_meta":{"origin":75,"position":3},"title":"1\u00aa  edici\u00f3n de la \u00abVentana Escolar\u00bb","author":"CEIP Maestro Rafael Bravo Mart\u00edn","date":"17 noviembre, 2010","format":false,"excerpt":"\u00a0A todos los ni\u00f1os y ni\u00f1as, maestros y maestras que deseen colaborar. Tambi\u00e9n a los padres, madres\u00a0 y antiguos alumnos\/as: estamos preparando la 1\u00aa edici\u00f3n de \"Ventana Escolar\". Por eso deb\u00e9is saber:","rel":"","context":"En \u00abInformaci\u00f3n\u00bb","block_context":{"text":"Informaci\u00f3n","link":"https:\/\/www.ceipmaestrorafaelbravomartin.es\/?cat=17"},"img":{"alt_text":"","src":"https:\/\/i0.wp.com\/www.ceipmaestrorafaelbravomartin.es\/wp-content\/uploads\/2010\/11\/ventana.png?resize=350%2C200&ssl=1","width":350,"height":200},"classes":[]},{"id":157,"url":"https:\/\/www.ceipmaestrorafaelbravomartin.es\/?p=157","url_meta":{"origin":75,"position":4},"title":"2\u00aa  edici\u00f3n de la \u00abVentana Escolar\u00bb","author":"CEIP Maestro Rafael Bravo Mart\u00edn","date":"16 mayo, 2011","format":false,"excerpt":"\u00a0A todos los ni\u00f1os y ni\u00f1as, maestros y maestras que deseen colaborar. Tambi\u00e9n a los padres, madres\u00a0 y antiguos alumnos\/as: estamos preparando la 2\u00aa edici\u00f3n de \"Ventana Escolar\". Por eso deb\u00e9is saber:","rel":"","context":"En \u00abInformaci\u00f3n\u00bb","block_context":{"text":"Informaci\u00f3n","link":"https:\/\/www.ceipmaestrorafaelbravomartin.es\/?cat=17"},"img":{"alt_text":"","src":"https:\/\/i0.wp.com\/www.ceipmaestrorafaelbravomartin.es\/wp-content\/uploads\/2010\/11\/ventana.png?resize=350%2C200&ssl=1","width":350,"height":200},"classes":[]},{"id":320,"url":"https:\/\/www.ceipmaestrorafaelbravomartin.es\/?p=320","url_meta":{"origin":75,"position":5},"title":"Ventana Escolar (junio de 2013)","author":"CEIP Maestro Rafael Bravo Mart\u00edn","date":"15 junio, 2013","format":false,"excerpt":"Con un poco de premura, y publicando ahora algunos de los art\u00edculos que fueron seleccionados en la primera tirada de este curso, lanzamos la segunda. Solamente se publicar\u00e1 el peri\u00f3dico completo en la versi\u00f3n digital. Se intentar\u00e1, en los d\u00edas que quedan de clase imprimir y repatir una versi\u00f3n reducida\u2026","rel":"","context":"En \u00abPeri\u00f3dico Escolar\u00bb","block_context":{"text":"Peri\u00f3dico Escolar","link":"https:\/\/www.ceipmaestrorafaelbravomartin.es\/?cat=6"},"img":{"alt_text":"","src":"https:\/\/i0.wp.com\/2.bp.blogspot.com\/-q1EcQRBaVWw\/Uby2_GXaCAI\/AAAAAAAADPQ\/9BL7O8gK0I8\/s400\/peri%C3%B3dico.jpg?resize=350%2C200","width":350,"height":200},"classes":[]}],"_links":{"self":[{"href":"https:\/\/www.ceipmaestrorafaelbravomartin.es\/index.php?rest_route=\/wp\/v2\/posts\/75","targetHints":{"allow":["GET"]}}],"collection":[{"href":"https:\/\/www.ceipmaestrorafaelbravomartin.es\/index.php?rest_route=\/wp\/v2\/posts"}],"about":[{"href":"https:\/\/www.ceipmaestrorafaelbravomartin.es\/index.php?rest_route=\/wp\/v2\/types\/post"}],"author":[{"embeddable":true,"href":"https:\/\/www.ceipmaestrorafaelbravomartin.es\/index.php?rest_route=\/wp\/v2\/users\/4"}],"replies":[{"embeddable":true,"href":"https:\/\/www.ceipmaestrorafaelbravomartin.es\/index.php?rest_route=%2Fwp%2Fv2%2Fcomments&post=75"}],"version-history":[{"count":1,"href":"https:\/\/www.ceipmaestrorafaelbravomartin.es\/index.php?rest_route=\/wp\/v2\/posts\/75\/revisions"}],"predecessor-version":[{"id":968,"href":"https:\/\/www.ceipmaestrorafaelbravomartin.es\/index.php?rest_route=\/wp\/v2\/posts\/75\/revisions\/968"}],"wp:attachment":[{"href":"https:\/\/www.ceipmaestrorafaelbravomartin.es\/index.php?rest_route=%2Fwp%2Fv2%2Fmedia&parent=75"}],"wp:term":[{"taxonomy":"category","embeddable":true,"href":"https:\/\/www.ceipmaestrorafaelbravomartin.es\/index.php?rest_route=%2Fwp%2Fv2%2Fcategories&post=75"},{"taxonomy":"post_tag","embeddable":true,"href":"https:\/\/www.ceipmaestrorafaelbravomartin.es\/index.php?rest_route=%2Fwp%2Fv2%2Ftags&post=75"}],"curies":[{"name":"wp","href":"https:\/\/api.w.org\/{rel}","templated":true}]}}