{"id":786,"date":"2014-09-07T14:11:40","date_gmt":"2014-09-07T12:11:40","guid":{"rendered":"http:\/\/blogasuncion.es\/?p=786"},"modified":"2014-09-08T09:46:08","modified_gmt":"2014-09-08T07:46:08","slug":"inicio-del-curso-201415","status":"publish","type":"post","link":"https:\/\/www.ceipmaestrorafaelbravomartin.es\/?p=786","title":{"rendered":"INICIO DEL CURSO 2014\/15"},"content":{"rendered":"<p><strong>INICIO DEL CURSO 2014\/15: BIENVENIDA EL MI\u00c9RCOLES, 10 DE SEPTIEMBRE A LAS 12:30 H. EN EL PATIO \u201cANTONIO MILL\u00c1N RUVIRA\u201d<\/strong><\/p>\n<p>EDUCACI\u00d3N INFANTIL : REUNI\u00d3N DE PADRES\/MADRES SIN NI\u00d1OS-AS EN SUS RESPECTIVAS AULAS<\/p>\n<p>1\u00ba Y 2\u00ba: REUNI\u00d3N DE PADRES\/MADRES CON NI\u00d1OS-AS EN SUS RESPECTIVAS AULAS<\/p>\n<p>3\u00ba, 4\u00ba, 5\u00ba Y 6\u00ba: LOS\/AS NI\u00d1OS-AS ENTRAR\u00c1N SOLOS EN SUS RESPECTIVAS AULAS.<br \/>\n<strong><br \/>\nEL AULA MATINAL COMENZAR\u00c1 EL JUEVES, D\u00cdA 11 DE SEPTIEMBRE, DE 7:30 A 9:00<\/strong><\/p>\n","protected":false},"excerpt":{"rendered":"<p>INICIO DEL CURSO 2014\/15: BIENVENIDA EL MI\u00c9RCOLES, 10 DE SEPTIEMBRE A LAS 12:30 H. EN EL PATIO \u201cANTONIO MILL\u00c1N RUVIRA\u201d EDUCACI\u00d3N INFANTIL : REUNI\u00d3N DE PADRES\/MADRES SIN NI\u00d1OS-AS EN SUS RESPECTIVAS AULAS 1\u00ba Y 2\u00ba: REUNI\u00d3N DE PADRES\/MADRES CON NI\u00d1OS-AS EN SUS RESPECTIVAS AULAS 3\u00ba, 4\u00ba, 5\u00ba Y 6\u00ba: LOS\/AS [&hellip;]<\/p>\n","protected":false},"author":4,"featured_media":0,"comment_status":"closed","ping_status":"closed","sticky":false,"template":"","format":"standard","meta":{"jetpack_post_was_ever_published":false,"_jetpack_newsletter_access":"","_jetpack_dont_email_post_to_subs":false,"_jetpack_newsletter_tier_id":0,"_jetpack_memberships_contains_paywalled_content":false,"_jetpack_memberships_contains_paid_content":false,"footnotes":""},"categories":[10,2],"tags":[],"class_list":["post-786","post","type-post","status-publish","format-standard","hentry","category-centro","category-info"],"jetpack_featured_media_url":"","jetpack_sharing_enabled":true,"jetpack_shortlink":"https:\/\/wp.me\/p9VlHp-cG","jetpack-related-posts":[{"id":519,"url":"https:\/\/www.ceipmaestrorafaelbravomartin.es\/?p=519","url_meta":{"origin":786,"position":0},"title":"INICIO DEL CURSO 2013\/14","author":"CEIP Maestro Rafael Bravo Mart\u00edn","date":"4 septiembre, 2013","format":false,"excerpt":"INICIO DEL CURSO 2013\/14: BIENVENIDA EL MARTES, 10 DE SEPTIEMBRE A LAS 10:00 H. EN EL PATIO \u201cANTONIO MILL\u00c1N RUVIRA\u201d EDUCACI\u00d3N INFANTIL : REUNI\u00d3N DE PADRES\/MADRES SIN NI\u00d1OS-AS EN SUS RESPECTIVAS AULAS 1\u00ba Y 2\u00ba: REUNI\u00d3N DE PADRES\/MADRES CON NI\u00d1OS-AS EN SUS RESPECTIVAS AULAS 3\u00ba, 4\u00ba, 5\u00ba Y 6\u00ba: LOS\u2026","rel":"","context":"En \u00abEl centro\u00bb","block_context":{"text":"El centro","link":"https:\/\/www.ceipmaestrorafaelbravomartin.es\/?cat=10"},"img":{"alt_text":"","src":"","width":0,"height":0},"classes":[]},{"id":261,"url":"https:\/\/www.ceipmaestrorafaelbravomartin.es\/?p=261","url_meta":{"origin":786,"position":1},"title":"BIENVENIDA AL CURSO 2012-2013","author":"CEIP Maestro Rafael Bravo Mart\u00edn","date":"5 septiembre, 2012","format":false,"excerpt":"D\u00cdA DE INICIO DEL CURSO 2012\/13: MARTES, 11 DE SEPTIEMBRE BIENVENIDA A \u00a0 TODOS\/AS EN EL PATIO INTERIOR DE ALBERO, A LAS 10:00 H. A CONTINUACI\u00d3N: \u00a0 \u00a0 \u00a0 INFANTIL: REUNI\u00d3N DE PADRES\/MADRES SIN NI\u00d1OS\/AS EN SUS CLASES. \u00a0 PRIMER CICLO DE PRIMARIA: EN SUS RESPECTIVAS AULAS REUNI\u00d3N DE PADRES\/MADRES\u2026","rel":"","context":"En \u00abEl centro\u00bb","block_context":{"text":"El centro","link":"https:\/\/www.ceipmaestrorafaelbravomartin.es\/?cat=10"},"img":{"alt_text":"","src":"","width":0,"height":0},"classes":[]},{"id":3551,"url":"https:\/\/www.ceipmaestrorafaelbravomartin.es\/?p=3551","url_meta":{"origin":786,"position":2},"title":"Inicio de curso 2025\/2026","author":"CEIP Maestro Rafael Bravo Mart\u00edn","date":"5 septiembre, 2025","format":false,"excerpt":"Estimadas familias, El pr\u00f3ximo mi\u00e9rcoles 10 de septiembre iniciamos el nuevo curso escolar cargado de ilusi\u00f3n y ganas de aprender. La organizaci\u00f3n ser\u00e1 de la siguiente manera:\u25cf De 3 a\u00f1os a 1\u00ba: se realizar\u00e1n reuniones de los padres y madres con los\/las tutores\/as a las horas abajo indicadas.\u25cf De 2\u00ba\u2026","rel":"","context":"En \u00abInformaci\u00f3n\u00bb","block_context":{"text":"Informaci\u00f3n","link":"https:\/\/www.ceipmaestrorafaelbravomartin.es\/?cat=2"},"img":{"alt_text":"","src":"","width":0,"height":0},"classes":[]},{"id":3472,"url":"https:\/\/www.ceipmaestrorafaelbravomartin.es\/?p=3472","url_meta":{"origin":786,"position":3},"title":"Inicio de curso","author":"CEIP Maestro Rafael Bravo Mart\u00edn","date":"4 septiembre, 2024","format":false,"excerpt":"Estimadas familias, El pr\u00f3ximo martes 10 de septiembre iniciamos el nuevo curso escolar cargado de ilusi\u00f3n y ganas de aprender. La organizaci\u00f3n ser\u00e1 de la siguiente manera:\u25cf De 3 a\u00f1os a 1\u00ba: se realizar\u00e1n reuniones de los padres y madres con los\/las tutores\/as a las horas abajo indicadas.\u25cf De 2\u00ba\u2026","rel":"","context":"En \u00abInformaci\u00f3n\u00bb","block_context":{"text":"Informaci\u00f3n","link":"https:\/\/www.ceipmaestrorafaelbravomartin.es\/?cat=2"},"img":{"alt_text":"","src":"","width":0,"height":0},"classes":[]},{"id":20,"url":"https:\/\/www.ceipmaestrorafaelbravomartin.es\/?p=20","url_meta":{"origin":786,"position":4},"title":"Presentaci\u00f3n del curso 2010\/11","author":"CEIP Maestro Rafael Bravo Mart\u00edn","date":"13 septiembre, 2010","format":false,"excerpt":"En el d\u00eda de hoy, viernes 10 de septiembre de 2010, ha tenido lugar en nuestro Centro la \u00a0presentaci\u00f3n oficial de curso 2010\/11. El equipo directivo, encabezado por el Director del Centro D\u00ba. \u00a0Rafael Bravo Mart\u00edn, se dirigi\u00f3 a todos los asistentes al evento y explic\u00f3 algunas de las novedades\u2026","rel":"","context":"En \u00abPlanes y programas\u00bb","block_context":{"text":"Planes y programas","link":"https:\/\/www.ceipmaestrorafaelbravomartin.es\/?cat=9"},"img":{"alt_text":"","src":"","width":0,"height":0},"classes":[]},{"id":1182,"url":"https:\/\/www.ceipmaestrorafaelbravomartin.es\/?p=1182","url_meta":{"origin":786,"position":5},"title":"Comenzamos el nuevo curso.","author":"CEIP Maestro Rafael Bravo Mart\u00edn","date":"7 septiembre, 2015","format":false,"excerpt":"El pr\u00f3ximo jueves 10 de septiembre, tendr\u00e1 lugar la Presentaci\u00f3n del curso 2015\/2016. La entrada al centro comenzar\u00e1 con una bienvenida en el patio \"Antonio Mill\u00e1n Ruvira\" a las 12:30 horas. Dicho acto ser\u00e1 realizado por la directora, as\u00ed como por la coordinadora de biling\u00fcismo. A continuaci\u00f3n la presentaci\u00f3n por\u2026","rel":"","context":"En \u00abEventos\u00bb","block_context":{"text":"Eventos","link":"https:\/\/www.ceipmaestrorafaelbravomartin.es\/?cat=103"},"img":{"alt_text":"","src":"","width":0,"height":0},"classes":[]}],"_links":{"self":[{"href":"https:\/\/www.ceipmaestrorafaelbravomartin.es\/index.php?rest_route=\/wp\/v2\/posts\/786","targetHints":{"allow":["GET"]}}],"collection":[{"href":"https:\/\/www.ceipmaestrorafaelbravomartin.es\/index.php?rest_route=\/wp\/v2\/posts"}],"about":[{"href":"https:\/\/www.ceipmaestrorafaelbravomartin.es\/index.php?rest_route=\/wp\/v2\/types\/post"}],"author":[{"embeddable":true,"href":"https:\/\/www.ceipmaestrorafaelbravomartin.es\/index.php?rest_route=\/wp\/v2\/users\/4"}],"replies":[{"embeddable":true,"href":"https:\/\/www.ceipmaestrorafaelbravomartin.es\/index.php?rest_route=%2Fwp%2Fv2%2Fcomments&post=786"}],"version-history":[{"count":5,"href":"https:\/\/www.ceipmaestrorafaelbravomartin.es\/index.php?rest_route=\/wp\/v2\/posts\/786\/revisions"}],"predecessor-version":[{"id":791,"href":"https:\/\/www.ceipmaestrorafaelbravomartin.es\/index.php?rest_route=\/wp\/v2\/posts\/786\/revisions\/791"}],"wp:attachment":[{"href":"https:\/\/www.ceipmaestrorafaelbravomartin.es\/index.php?rest_route=%2Fwp%2Fv2%2Fmedia&parent=786"}],"wp:term":[{"taxonomy":"category","embeddable":true,"href":"https:\/\/www.ceipmaestrorafaelbravomartin.es\/index.php?rest_route=%2Fwp%2Fv2%2Fcategories&post=786"},{"taxonomy":"post_tag","embeddable":true,"href":"https:\/\/www.ceipmaestrorafaelbravomartin.es\/index.php?rest_route=%2Fwp%2Fv2%2Ftags&post=786"}],"curies":[{"name":"wp","href":"https:\/\/api.w.org\/{rel}","templated":true}]}}