{"id":795,"date":"2014-09-10T19:28:35","date_gmt":"2014-09-10T17:28:35","guid":{"rendered":"http:\/\/blogasuncion.es\/?p=795"},"modified":"2014-09-10T19:28:35","modified_gmt":"2014-09-10T17:28:35","slug":"apertura-del-curso-escolar-2014-2015","status":"publish","type":"post","link":"https:\/\/www.ceipmaestrorafaelbravomartin.es\/?p=795","title":{"rendered":"Apertura del curso escolar 2014-2015"},"content":{"rendered":"<p style=\"text-align: center;\">Hoy, 10 de septiembre de 2014, el Equipo Directivo<\/p>\n<p style=\"text-align: center;\">junto con el Claustro de profesoras y profesores,<\/p>\n<p style=\"text-align: center;\">ha dado la bienvenida a la Comunidad Educativa (en especial a nuestro alumnado)<\/p>\n<p style=\"text-align: center;\">al nuevo curso escolar.<\/p>\n<p><iframe loading=\"lazy\" src=\"\/\/www.youtube.com\/embed\/EvKXQ1ZS_nw?rel=0\" height=\"360\" width=\"640\" allowfullscreen=\"\" frameborder=\"0\"><\/iframe><\/p>\n","protected":false},"excerpt":{"rendered":"<p>Hoy, 10 de septiembre de 2014, el Equipo Directivo junto con el Claustro de profesoras y profesores, ha dado la bienvenida a la Comunidad Educativa (en especial a nuestro alumnado) al nuevo curso escolar.<\/p>\n","protected":false},"author":4,"featured_media":0,"comment_status":"open","ping_status":"closed","sticky":false,"template":"","format":"standard","meta":{"jetpack_post_was_ever_published":false,"_jetpack_newsletter_access":"","_jetpack_dont_email_post_to_subs":false,"_jetpack_newsletter_tier_id":0,"_jetpack_memberships_contains_paywalled_content":false,"_jetpack_memberships_contains_paid_content":false,"footnotes":""},"categories":[10,2],"tags":[],"class_list":["post-795","post","type-post","status-publish","format-standard","hentry","category-centro","category-info"],"jetpack_featured_media_url":"","jetpack_sharing_enabled":true,"jetpack_shortlink":"https:\/\/wp.me\/p9VlHp-cP","jetpack-related-posts":[{"id":522,"url":"https:\/\/www.ceipmaestrorafaelbravomartin.es\/?p=522","url_meta":{"origin":795,"position":0},"title":"Apertura del curso escolar 2013-2014","author":"CEIP Maestro Rafael Bravo Mart\u00edn","date":"10 septiembre, 2013","format":false,"excerpt":"Hoy, 10 de septiembre de 2013, el Equipo Directivo junto con el Claustro de profesoras y profesores, ha dado la bienvenida a la Comunidad Educativa (en especial a nuestro alumnado) al nuevo curso escolar. Coordinadora TIC","rel":"","context":"En \u00abEl centro\u00bb","block_context":{"text":"El centro","link":"https:\/\/www.ceipmaestrorafaelbravomartin.es\/?cat=10"},"img":{"alt_text":"","src":"","width":0,"height":0},"classes":[]},{"id":20,"url":"https:\/\/www.ceipmaestrorafaelbravomartin.es\/?p=20","url_meta":{"origin":795,"position":1},"title":"Presentaci\u00f3n del curso 2010\/11","author":"CEIP Maestro Rafael Bravo Mart\u00edn","date":"13 septiembre, 2010","format":false,"excerpt":"En el d\u00eda de hoy, viernes 10 de septiembre de 2010, ha tenido lugar en nuestro Centro la \u00a0presentaci\u00f3n oficial de curso 2010\/11. El equipo directivo, encabezado por el Director del Centro D\u00ba. \u00a0Rafael Bravo Mart\u00edn, se dirigi\u00f3 a todos los asistentes al evento y explic\u00f3 algunas de las novedades\u2026","rel":"","context":"En \u00abPlanes y programas\u00bb","block_context":{"text":"Planes y programas","link":"https:\/\/www.ceipmaestrorafaelbravomartin.es\/?cat=9"},"img":{"alt_text":"","src":"","width":0,"height":0},"classes":[]},{"id":1176,"url":"https:\/\/www.ceipmaestrorafaelbravomartin.es\/?p=1176","url_meta":{"origin":795,"position":2},"title":"Calendario Escolar curso 2015\/2016","author":"CEIP Maestro Rafael Bravo Mart\u00edn","date":"26 junio, 2015","format":false,"excerpt":"Este es el calendario escolar vigente para el presente curso escolar en la provincia de Sevilla. En nuestra localidad tambi\u00e9n son festivos: viernes 18 de marzo, viernes 15 de abril y lunes 16 de mayo. Calendario escolar 2015\/2016","rel":"","context":"En \u00abEl centro\u00bb","block_context":{"text":"El centro","link":"https:\/\/www.ceipmaestrorafaelbravomartin.es\/?cat=10"},"img":{"alt_text":"","src":"","width":0,"height":0},"classes":[]},{"id":24,"url":"https:\/\/www.ceipmaestrorafaelbravomartin.es\/?p=24","url_meta":{"origin":795,"position":3},"title":"Calendario Escolar curso 2010\/11","author":"CEIP Maestro Rafael Bravo Mart\u00edn","date":"13 octubre, 2010","format":false,"excerpt":"Calendario escolar aprobado para el curso escolara 2010\/11:\u00a0","rel":"","context":"En \u00abEl centro\u00bb","block_context":{"text":"El centro","link":"https:\/\/www.ceipmaestrorafaelbravomartin.es\/?cat=10"},"img":{"alt_text":"","src":"https:\/\/i0.wp.com\/www.ceipasuncion.es\/wp-content\/uploads\/calendario-2010_11-284x300.jpg?resize=350%2C200","width":350,"height":200},"classes":[]},{"id":719,"url":"https:\/\/www.ceipmaestrorafaelbravomartin.es\/?p=719","url_meta":{"origin":795,"position":4},"title":"Ventana Escolar (abril 2014)","author":"CEIP Maestro Rafael Bravo Mart\u00edn","date":"9 abril, 2014","format":false,"excerpt":"Publicamos, a s\u00f3lo dos d\u00edas de Semana Santa (como ya viene siendo m\u00e1s que habitual), nuestro peri\u00f3dico escolar del curso 2013\/14. Se ha conseguido gracias a todo el alumnado, que ha realizado los distintos art\u00edculos, y al trabajo del profesorado encargado de la coordinaci\u00f3n del mismo. \u00a0 VENTANA ESCOLAR ABRIL\u2026","rel":"","context":"En \u00abPeri\u00f3dico Escolar\u00bb","block_context":{"text":"Peri\u00f3dico Escolar","link":"https:\/\/www.ceipmaestrorafaelbravomartin.es\/?cat=6"},"img":{"alt_text":"","src":"","width":0,"height":0},"classes":[]},{"id":149,"url":"https:\/\/www.ceipmaestrorafaelbravomartin.es\/?p=149","url_meta":{"origin":795,"position":5},"title":"EQUIPOS DIRECTIVOS DESDE EL CURSO 1981\/82","author":"CEIP Maestro Rafael Bravo Mart\u00edn","date":"10 marzo, 2011","format":false,"excerpt":"\u00a0Como qued\u00f3 reflejado en el art\u00edculo anterior, al final del curso 1980\/81 siendo\u00a0Don Ram\u00f3n Fern\u00e1ndez Garc\u00eda el Director del Colegio Nacional Nuestra Se\u00f1ora de la Asunci\u00f3n se produjo la divisi\u00f3n del alumnado y del profesorado form\u00e1ndose a partir de esa fecha dos centros independientes de Infantil y EGB que empezaron\u2026","rel":"","context":"En \u00abHistoria\u00bb","block_context":{"text":"Historia","link":"https:\/\/www.ceipmaestrorafaelbravomartin.es\/?cat=43"},"img":{"alt_text":"","src":"https:\/\/i0.wp.com\/www.ceipmaestrorafaelbravomartin.es\/wp-content\/uploads\/2011\/03\/equipo-copia.jpg?resize=350%2C200","width":350,"height":200,"srcset":"https:\/\/i0.wp.com\/www.ceipmaestrorafaelbravomartin.es\/wp-content\/uploads\/2011\/03\/equipo-copia.jpg?resize=350%2C200 1x, https:\/\/i0.wp.com\/www.ceipmaestrorafaelbravomartin.es\/wp-content\/uploads\/2011\/03\/equipo-copia.jpg?resize=525%2C300 1.5x, https:\/\/i0.wp.com\/www.ceipmaestrorafaelbravomartin.es\/wp-content\/uploads\/2011\/03\/equipo-copia.jpg?resize=700%2C400 2x, https:\/\/i0.wp.com\/www.ceipmaestrorafaelbravomartin.es\/wp-content\/uploads\/2011\/03\/equipo-copia.jpg?resize=1050%2C600 3x, https:\/\/i0.wp.com\/www.ceipmaestrorafaelbravomartin.es\/wp-content\/uploads\/2011\/03\/equipo-copia.jpg?resize=1400%2C800 4x"},"classes":[]}],"_links":{"self":[{"href":"https:\/\/www.ceipmaestrorafaelbravomartin.es\/index.php?rest_route=\/wp\/v2\/posts\/795","targetHints":{"allow":["GET"]}}],"collection":[{"href":"https:\/\/www.ceipmaestrorafaelbravomartin.es\/index.php?rest_route=\/wp\/v2\/posts"}],"about":[{"href":"https:\/\/www.ceipmaestrorafaelbravomartin.es\/index.php?rest_route=\/wp\/v2\/types\/post"}],"author":[{"embeddable":true,"href":"https:\/\/www.ceipmaestrorafaelbravomartin.es\/index.php?rest_route=\/wp\/v2\/users\/4"}],"replies":[{"embeddable":true,"href":"https:\/\/www.ceipmaestrorafaelbravomartin.es\/index.php?rest_route=%2Fwp%2Fv2%2Fcomments&post=795"}],"version-history":[{"count":2,"href":"https:\/\/www.ceipmaestrorafaelbravomartin.es\/index.php?rest_route=\/wp\/v2\/posts\/795\/revisions"}],"predecessor-version":[{"id":797,"href":"https:\/\/www.ceipmaestrorafaelbravomartin.es\/index.php?rest_route=\/wp\/v2\/posts\/795\/revisions\/797"}],"wp:attachment":[{"href":"https:\/\/www.ceipmaestrorafaelbravomartin.es\/index.php?rest_route=%2Fwp%2Fv2%2Fmedia&parent=795"}],"wp:term":[{"taxonomy":"category","embeddable":true,"href":"https:\/\/www.ceipmaestrorafaelbravomartin.es\/index.php?rest_route=%2Fwp%2Fv2%2Fcategories&post=795"},{"taxonomy":"post_tag","embeddable":true,"href":"https:\/\/www.ceipmaestrorafaelbravomartin.es\/index.php?rest_route=%2Fwp%2Fv2%2Ftags&post=795"}],"curies":[{"name":"wp","href":"https:\/\/api.w.org\/{rel}","templated":true}]}}