{"id":8,"date":"2010-10-13T11:30:58","date_gmt":"2010-10-13T09:30:58","guid":{"rendered":"http:\/\/blogasuncion.es\/?p=8"},"modified":"2014-10-12T20:23:42","modified_gmt":"2014-10-12T18:23:42","slug":"localizacion","status":"publish","type":"post","link":"https:\/\/www.ceipmaestrorafaelbravomartin.es\/?p=8","title":{"rendered":"Localizacion"},"content":{"rendered":"<p><font face=\"arial,helvetica,sans-serif\">El C.E.I.P. Ntra. Sra. de la Asunci\u00f3n se encuentra en Alcal\u00e1 del R\u00edo en la provincia de Sevilla. <span style=\"font-family: Tahoma,sans-serif\">Est\u00e1 situado en la Calle Luis Jaramillo, s\/n, en la barriada Nueva Ciudad de Alcal\u00e1 del R\u00edo, localidad pr\u00f3xima a Sevilla, de la que dista 16 kil\u00f3metros.<\/span><\/font><\/p>\n<div align=\"left\"> <\/div>\n<p><font face=\"arial,helvetica,sans-serif\">\u00a0Aqu\u00ed os dejo el mapa para localizarnos:<\/font><\/p>\n<p align=\"center\">{phocamaps view=link|id=1|text=Map}<\/p>\n","protected":false},"excerpt":{"rendered":"<p>El C.E.I.P. Ntra. Sra. de la Asunci\u00f3n se encuentra en Alcal\u00e1 del R\u00edo en la provincia de Sevilla. Est\u00e1 situado en la Calle Luis Jaramillo, s\/n, en la barriada Nueva Ciudad de Alcal\u00e1 del R\u00edo, localidad pr\u00f3xima a Sevilla, de la que dista 16 kil\u00f3metros. \u00a0Aqu\u00ed os dejo el mapa [&hellip;]<\/p>\n","protected":false},"author":4,"featured_media":0,"comment_status":"closed","ping_status":"open","sticky":false,"template":"","format":"standard","meta":{"jetpack_post_was_ever_published":false,"_jetpack_newsletter_access":"","_jetpack_dont_email_post_to_subs":false,"_jetpack_newsletter_tier_id":0,"_jetpack_memberships_contains_paywalled_content":false,"_jetpack_memberships_contains_paid_content":false,"footnotes":""},"categories":[10],"tags":[],"class_list":["post-8","post","type-post","status-publish","format-standard","hentry","category-centro"],"jetpack_featured_media_url":"","jetpack_sharing_enabled":true,"jetpack_shortlink":"https:\/\/wp.me\/p9VlHp-8","jetpack-related-posts":[{"id":678,"url":"https:\/\/www.ceipmaestrorafaelbravomartin.es\/?p=678","url_meta":{"origin":8,"position":0},"title":"Premios VIVE ALCAL\u00c1 DEL R\u00cdO","author":"CEIP Maestro Rafael Bravo Mart\u00edn","date":"1 marzo, 2014","format":false,"excerpt":"Se ha celebrado la tercera edici\u00f3n de la Gala de los Premios Vive. Una iniciativa que persigue reconocer el trabajo, labor y dedicaci\u00f3n de vecinos del municipio en diferentes \u00e1reas, como la cultura, la educaci\u00f3n, el deporte, bienestar social, etc . \"Un evento que nos re\u00fane cada 28 de Febrero\u2026","rel":"","context":"En \u00abDedicatorias\u00bb","block_context":{"text":"Dedicatorias","link":"https:\/\/www.ceipmaestrorafaelbravomartin.es\/?cat=24"},"img":{"alt_text":"028_CARTEL_PREMIOS_VIVE_2014.jpg_824362120","src":"https:\/\/i0.wp.com\/blogasuncion.es\/wp-content\/uploads\/2014\/03\/028_CARTEL_PREMIOS_VIVE_2014.jpg_824362120-211x300.jpg?resize=350%2C200","width":350,"height":200},"classes":[]},{"id":9,"url":"https:\/\/www.ceipmaestrorafaelbravomartin.es\/?p=9","url_meta":{"origin":8,"position":1},"title":"Contacto","author":"CEIP Maestro Rafael Bravo Mart\u00edn","date":"13 octubre, 2010","format":false,"excerpt":"Nos encontramos en: C\/ Luis Jaramillo, s\/n. Alcal\u00e1 del R\u00edo. Sevilla Tel\u00e9fonos:\u00a0 955622298 SECRETAR\u00cdA \u00a0\u00a0\u00a0\u00a0\u00a0\u00a0\u00a0\u00a0\u00a0\u00a0\u00a0\u00a0\u00a0\u00a0\u00a0\u00a0\u00a0\u00a0\u00a0 955622297 DIRECCI\u00d3N Email: 41000338.edu@juntadeandalucia.es \u00a0 \u00a0","rel":"","context":"En \u00abEl centro\u00bb","block_context":{"text":"El centro","link":"https:\/\/www.ceipmaestrorafaelbravomartin.es\/?cat=10"},"img":{"alt_text":"","src":"","width":0,"height":0},"classes":[]},{"id":1280,"url":"https:\/\/www.ceipmaestrorafaelbravomartin.es\/?p=1280","url_meta":{"origin":8,"position":2},"title":"En memoria de Mar\u00eda Jes\u00fas","author":"CEIP Maestro Rafael Bravo Mart\u00edn","date":"22 diciembre, 2015","format":false,"excerpt":"Desde nuestro Centro, queremos hacer llegar a toda la Comunidad Educativa, que el pr\u00f3ximo martes 22 de diciembre a las 19:00 h. se celebrar\u00e1 una misa en memoria de nuestra compa\u00f1era Mar\u00eda Jes\u00fas C\u00e1mara Dur\u00e1n en la Parroquia Ntra. Sra. de la Asunci\u00f3n de Alcal\u00e1 del R\u00edo. \u00a0","rel":"","context":"En \u00abDedicatorias\u00bb","block_context":{"text":"Dedicatorias","link":"https:\/\/www.ceipmaestrorafaelbravomartin.es\/?cat=24"},"img":{"alt_text":"IMG_3300","src":"https:\/\/i0.wp.com\/www.ceipmaestrorafaelbravomartin.es\/wp-content\/uploads\/2015\/12\/IMG_3300-651x1024.jpg?resize=350%2C200","width":350,"height":200,"srcset":"https:\/\/i0.wp.com\/www.ceipmaestrorafaelbravomartin.es\/wp-content\/uploads\/2015\/12\/IMG_3300-651x1024.jpg?resize=350%2C200 1x, https:\/\/i0.wp.com\/www.ceipmaestrorafaelbravomartin.es\/wp-content\/uploads\/2015\/12\/IMG_3300-651x1024.jpg?resize=525%2C300 1.5x"},"classes":[]},{"id":135,"url":"https:\/\/www.ceipmaestrorafaelbravomartin.es\/?p=135","url_meta":{"origin":8,"position":3},"title":"Consejo Escolar del 18 de enero de 2011","author":"CEIP Maestro Rafael Bravo Mart\u00edn","date":"24 enero, 2011","format":false,"excerpt":"En Alcal\u00e1 del R\u00edo, siendo las 17,15 horas del d\u00eda 18 de enero de 2011, se re\u00fane el Consejo Escolar del Centro para tratar los siguientes temas:1. An\u00e1lisis de los resultados escolares de la 1\u00aa Evaluaci\u00f3n en porcentajes, por \u00e1reas y \u00a0calificaciones medias por \u00e1reas y cursos.2. Se apruebe la\u2026","rel":"","context":"En \u00abConsejo escolar\u00bb","block_context":{"text":"Consejo escolar","link":"https:\/\/www.ceipmaestrorafaelbravomartin.es\/?cat=12"},"img":{"alt_text":"","src":"","width":0,"height":0},"classes":[]},{"id":1793,"url":"https:\/\/www.ceipmaestrorafaelbravomartin.es\/?p=1793","url_meta":{"origin":8,"position":4},"title":"TARJETAS NAVIDE\u00d1AS","author":"CEIP Maestro Rafael Bravo Mart\u00edn","date":"7 diciembre, 2017","format":false,"excerpt":"En la semana del 17 al 22 de diciembre, el alumnado de SEXTO, tiene prevista la visita a la Residencia de Ancianos de Alcal\u00e1 del R\u00edo. Quieren llevar a nuestros mayores un poquito de alegr\u00eda en estas fechas pr\u00f3ximas a la Navidad. Cantar\u00e1n para ellos y con ellos, algunos villancicos\u2026","rel":"","context":"En \u00abActividades extraescolares\u00bb","block_context":{"text":"Actividades extraescolares","link":"https:\/\/www.ceipmaestrorafaelbravomartin.es\/?cat=14"},"img":{"alt_text":"","src":"","width":0,"height":0},"classes":[]},{"id":244,"url":"https:\/\/www.ceipmaestrorafaelbravomartin.es\/?p=244","url_meta":{"origin":8,"position":5},"title":"\u00c1lvarez de la Chica entrega los Premios al Reconocimiento del M\u00e9rito en el \u00c1mbito Educ. de Sevilla","author":"CEIP Maestro Rafael Bravo Mart\u00edn","date":"13 abril, 2012","format":false,"excerpt":"Los galardones distinguen a personas y entidades que destacan por su contribuci\u00f3n a la mejora de la calidad de la ense\u00f1anza en la provincia Jueves, 12 de abril de 2012 El consejero de Educaci\u00f3n en funciones, Francisco \u00c1lvarez de la Chica, ha presidido el acto de entrega de los Premios\u2026","rel":"","context":"En \u00abEl centro\u00bb","block_context":{"text":"El centro","link":"https:\/\/www.ceipmaestrorafaelbravomartin.es\/?cat=10"},"img":{"alt_text":"","src":"","width":0,"height":0},"classes":[]}],"_links":{"self":[{"href":"https:\/\/www.ceipmaestrorafaelbravomartin.es\/index.php?rest_route=\/wp\/v2\/posts\/8","targetHints":{"allow":["GET"]}}],"collection":[{"href":"https:\/\/www.ceipmaestrorafaelbravomartin.es\/index.php?rest_route=\/wp\/v2\/posts"}],"about":[{"href":"https:\/\/www.ceipmaestrorafaelbravomartin.es\/index.php?rest_route=\/wp\/v2\/types\/post"}],"author":[{"embeddable":true,"href":"https:\/\/www.ceipmaestrorafaelbravomartin.es\/index.php?rest_route=\/wp\/v2\/users\/4"}],"replies":[{"embeddable":true,"href":"https:\/\/www.ceipmaestrorafaelbravomartin.es\/index.php?rest_route=%2Fwp%2Fv2%2Fcomments&post=8"}],"version-history":[{"count":2,"href":"https:\/\/www.ceipmaestrorafaelbravomartin.es\/index.php?rest_route=\/wp\/v2\/posts\/8\/revisions"}],"predecessor-version":[{"id":459,"href":"https:\/\/www.ceipmaestrorafaelbravomartin.es\/index.php?rest_route=\/wp\/v2\/posts\/8\/revisions\/459"}],"wp:attachment":[{"href":"https:\/\/www.ceipmaestrorafaelbravomartin.es\/index.php?rest_route=%2Fwp%2Fv2%2Fmedia&parent=8"}],"wp:term":[{"taxonomy":"category","embeddable":true,"href":"https:\/\/www.ceipmaestrorafaelbravomartin.es\/index.php?rest_route=%2Fwp%2Fv2%2Fcategories&post=8"},{"taxonomy":"post_tag","embeddable":true,"href":"https:\/\/www.ceipmaestrorafaelbravomartin.es\/index.php?rest_route=%2Fwp%2Fv2%2Ftags&post=8"}],"curies":[{"name":"wp","href":"https:\/\/api.w.org\/{rel}","templated":true}]}}