{"id":85,"date":"2010-11-15T08:19:51","date_gmt":"2010-11-15T07:19:51","guid":{"rendered":"http:\/\/blogasuncion.es\/?p=85"},"modified":"2014-10-12T20:17:25","modified_gmt":"2014-10-12T18:17:25","slug":"periodico-3","status":"publish","type":"post","link":"https:\/\/www.ceipmaestrorafaelbravomartin.es\/?p=85","title":{"rendered":"Segunda tirada curso 2009\/10"},"content":{"rendered":"\n<p style=\"text-align: center\">&nbsp;<\/p>\n<p style=\"text-align: center\">&nbsp;<\/p>\n<p style=\"text-align: center\">&nbsp;<\/p>\n<div style=\"text-align: center\"><object classid=\"clsid:d27cdb6e-ae6d-11cf-96b8-444553540000\" codebase=\"http:\/\/download.macromedia.com\/pub\/shockwave\/cabs\/flash\/swflash.cab#version=6,0,40,0\" width=\"760\" height=\"650\"><param name=\"width\" value=\"760\" \/><param name=\"height\" value=\"650\" \/><param name=\"allowfullscreen\" value=\"true\" \/><param name=\"src\" value=\"http:\/\/static.issuu.com\/webembed\/viewers\/style1\/v1\/IssuuViewer.swf?mode=embed&#038;documentId=100616183941-01db80ddbfc14591a158631f740df897&#038;documentUsername=asunquivir&#038;documentName=ventanaescolar&#038;layout=http%3A%2F%2Fskin.issuu.com%2Fv%2Fcartoon%2Flayout.xml&#038;showFlipBtn=true\" \/><param name=\"flashvars\" value=\"mode=embed&#038;documentId=100616183941-01db80ddbfc14591a158631f740df897&#038;documentUsername=asunquivir&#038;documentName=ventanaescolar&#038;layout=http%3A%2F%2Fskin.issuu.com%2Fv%2Fcartoon%2Flayout.xml&#038;showFlipBtn=true\" \/><\/object><\/div>\n","protected":false},"excerpt":{"rendered":"<p>\u00a12\u00aa y \u00faltima tirada de este curso!<\/p>\n<p>&nbsp;<\/p>\n<p style=\"text-align: left\">Nuestr@s reporter@s, volver\u00e1n con noticias frescas despu\u00e9s de las merecidas vacaciones de VERANO.<!--more--><\/p>\n","protected":false},"author":4,"featured_media":0,"comment_status":"closed","ping_status":"open","sticky":false,"template":"","format":"standard","meta":{"jetpack_post_was_ever_published":false,"_jetpack_newsletter_access":"","_jetpack_dont_email_post_to_subs":false,"_jetpack_newsletter_tier_id":0,"_jetpack_memberships_contains_paywalled_content":false,"_jetpack_memberships_contains_paid_content":false,"footnotes":""},"categories":[39],"tags":[84],"class_list":["post-85","post","type-post","status-publish","format-standard","hentry","category-publicaciones","tag-periodico"],"jetpack_featured_media_url":"","jetpack_sharing_enabled":true,"jetpack_shortlink":"https:\/\/wp.me\/p9VlHp-1n","jetpack-related-posts":[{"id":84,"url":"https:\/\/www.ceipmaestrorafaelbravomartin.es\/?p=84","url_meta":{"origin":85,"position":0},"title":"Primera tirada del curso 2009\/10","author":"CEIP Maestro Rafael Bravo Mart\u00edn","date":"15 noviembre, 2010","format":false,"excerpt":"\u00a1Extra! \u00a1Extra! \u00a1Primera tirada de nuestro famoso peri\u00f3dico!","rel":"","context":"En \u00abPublicaciones Ventana Escolar\u00bb","block_context":{"text":"Publicaciones Ventana Escolar","link":"https:\/\/www.ceipmaestrorafaelbravomartin.es\/?cat=39"},"img":{"alt_text":"","src":"","width":0,"height":0},"classes":[]},{"id":1502,"url":"https:\/\/www.ceipmaestrorafaelbravomartin.es\/?p=1502","url_meta":{"origin":85,"position":1},"title":"Ventana Escolar (junio 2016)","author":"CEIP Maestro Rafael Bravo Mart\u00edn","date":"21 junio, 2016","format":false,"excerpt":"Este curso s\u00f3lo hemos hecho una tirada de nuestro peri\u00f3dico. La publicamos ahora para que podamos ver la selecci\u00f3n de los trabajos realizados por nuestro alumnado. Dar las gracias a tod@s l@s participantes, aunque no se hayan publicado todos los art\u00edculos recibidos. \u00a1Feliz verano! \u00a0 Leer m\u00e1s publicaciones en Calam\u00e9o","rel":"","context":"En \u00abPeri\u00f3dico Escolar\u00bb","block_context":{"text":"Peri\u00f3dico Escolar","link":"https:\/\/www.ceipmaestrorafaelbravomartin.es\/?cat=6"},"img":{"alt_text":"","src":"","width":0,"height":0},"classes":[]},{"id":147,"url":"https:\/\/www.ceipmaestrorafaelbravomartin.es\/?p=147","url_meta":{"origin":85,"position":2},"title":"Ventana Escolar","author":"CEIP Maestro Rafael Bravo Mart\u00edn","date":"2 marzo, 2011","format":false,"excerpt":"Publicamos la primera tirada de nuestro peri\u00f3dico (curso 2010\/2011) y tercera digital.","rel":"","context":"En \u00abPublicaciones Ventana Escolar\u00bb","block_context":{"text":"Publicaciones Ventana Escolar","link":"https:\/\/www.ceipmaestrorafaelbravomartin.es\/?cat=39"},"img":{"alt_text":"","src":"","width":0,"height":0},"classes":[]},{"id":160,"url":"https:\/\/www.ceipmaestrorafaelbravomartin.es\/?p=160","url_meta":{"origin":85,"position":3},"title":"Ventana Escolar 2\u00aa tirada. Curso 2010-2011","author":"CEIP Maestro Rafael Bravo Mart\u00edn","date":"14 junio, 2011","format":false,"excerpt":"\u00a1Ya se acaba este curso! \u00a0 Con mucho esfuerzo y entusiasmo, hemos intentado y conseguido{jcomments on} publicar el segundo ejemplar de \"Ventana Escolar\", y como ya viene siendo costumbre tambi\u00e9n queremos mostrarlo en nuestra web. \u00a0 Desde el Taller de Peri\u00f3dico, queremos agradecer la colaboraci\u00f3n y el trabajo aportado por\u2026","rel":"","context":"En \u00abPublicaciones Ventana Escolar\u00bb","block_context":{"text":"Publicaciones Ventana Escolar","link":"https:\/\/www.ceipmaestrorafaelbravomartin.es\/?cat=39"},"img":{"alt_text":"","src":"","width":0,"height":0},"classes":[]},{"id":320,"url":"https:\/\/www.ceipmaestrorafaelbravomartin.es\/?p=320","url_meta":{"origin":85,"position":4},"title":"Ventana Escolar (junio de 2013)","author":"CEIP Maestro Rafael Bravo Mart\u00edn","date":"15 junio, 2013","format":false,"excerpt":"Con un poco de premura, y publicando ahora algunos de los art\u00edculos que fueron seleccionados en la primera tirada de este curso, lanzamos la segunda. Solamente se publicar\u00e1 el peri\u00f3dico completo en la versi\u00f3n digital. Se intentar\u00e1, en los d\u00edas que quedan de clase imprimir y repatir una versi\u00f3n reducida\u2026","rel":"","context":"En \u00abPeri\u00f3dico Escolar\u00bb","block_context":{"text":"Peri\u00f3dico Escolar","link":"https:\/\/www.ceipmaestrorafaelbravomartin.es\/?cat=6"},"img":{"alt_text":"","src":"https:\/\/i0.wp.com\/2.bp.blogspot.com\/-q1EcQRBaVWw\/Uby2_GXaCAI\/AAAAAAAADPQ\/9BL7O8gK0I8\/s400\/peri%C3%B3dico.jpg?resize=350%2C200","width":350,"height":200},"classes":[]},{"id":225,"url":"https:\/\/www.ceipmaestrorafaelbravomartin.es\/?p=225","url_meta":{"origin":85,"position":5},"title":"1\u00aa tirada del peri\u00f3dico &#8211; Curso 2011-12","author":"CEIP Maestro Rafael Bravo Mart\u00edn","date":"7 febrero, 2012","format":false,"excerpt":"\u00a0 TALLER DE PERI\u00d3DICO \u00a0 Un a\u00f1o m\u00e1s, y ya van unos pocos, nos disponemos a sacar el peri\u00f3dico del colegio Asunci\u00f3n. Por lo tanto animamos a todo el alumnado, profesorado, padres y madres, a participar en esta edici\u00f3n de \u201c Ventana Escolar\u201d. \u00a0 Os recordamos la direcci\u00f3n de correo\u2026","rel":"","context":"En \u00abInformaci\u00f3n\u00bb","block_context":{"text":"Informaci\u00f3n","link":"https:\/\/www.ceipmaestrorafaelbravomartin.es\/?cat=17"},"img":{"alt_text":"","src":"","width":0,"height":0},"classes":[]}],"_links":{"self":[{"href":"https:\/\/www.ceipmaestrorafaelbravomartin.es\/index.php?rest_route=\/wp\/v2\/posts\/85","targetHints":{"allow":["GET"]}}],"collection":[{"href":"https:\/\/www.ceipmaestrorafaelbravomartin.es\/index.php?rest_route=\/wp\/v2\/posts"}],"about":[{"href":"https:\/\/www.ceipmaestrorafaelbravomartin.es\/index.php?rest_route=\/wp\/v2\/types\/post"}],"author":[{"embeddable":true,"href":"https:\/\/www.ceipmaestrorafaelbravomartin.es\/index.php?rest_route=\/wp\/v2\/users\/4"}],"replies":[{"embeddable":true,"href":"https:\/\/www.ceipmaestrorafaelbravomartin.es\/index.php?rest_route=%2Fwp%2Fv2%2Fcomments&post=85"}],"version-history":[{"count":1,"href":"https:\/\/www.ceipmaestrorafaelbravomartin.es\/index.php?rest_route=\/wp\/v2\/posts\/85\/revisions"}],"predecessor-version":[{"id":959,"href":"https:\/\/www.ceipmaestrorafaelbravomartin.es\/index.php?rest_route=\/wp\/v2\/posts\/85\/revisions\/959"}],"wp:attachment":[{"href":"https:\/\/www.ceipmaestrorafaelbravomartin.es\/index.php?rest_route=%2Fwp%2Fv2%2Fmedia&parent=85"}],"wp:term":[{"taxonomy":"category","embeddable":true,"href":"https:\/\/www.ceipmaestrorafaelbravomartin.es\/index.php?rest_route=%2Fwp%2Fv2%2Fcategories&post=85"},{"taxonomy":"post_tag","embeddable":true,"href":"https:\/\/www.ceipmaestrorafaelbravomartin.es\/index.php?rest_route=%2Fwp%2Fv2%2Ftags&post=85"}],"curies":[{"name":"wp","href":"https:\/\/api.w.org\/{rel}","templated":true}]}}