{"id":90,"date":"2010-11-18T23:00:00","date_gmt":"2010-11-18T22:00:00","guid":{"rendered":"http:\/\/blogasuncion.es\/?p=90"},"modified":"2014-10-12T20:16:58","modified_gmt":"2014-10-12T18:16:58","slug":"semana-del-otono","status":"publish","type":"post","link":"https:\/\/www.ceipmaestrorafaelbravomartin.es\/?p=90","title":{"rendered":"\u00a1El oto\u00f1o ha llegado a nuestro cole!"},"content":{"rendered":"<p style=\"text-align: left\">A continuaci\u00f3n pueden ver algunas fotograf\u00edas de estos d\u00edas:<\/p>\n<p style=\"text-align: center\">&nbsp;<\/p>\n<p style=\"text-align: center\">\u00a0<font style=\"background-color: #ddecf8\">{morfeo 16}<\/font>\u00a0<\/p>\n<p style=\"text-align: center\">{jcomments on}\u00a0<\/p>\n<p style=\"text-align: center\">&nbsp;<\/p>\n<p>&nbsp;<\/p>\n<p>&nbsp;<\/p>\n<p>&nbsp;<\/p>\n<p>&nbsp;<\/p>\n","protected":false},"excerpt":{"rendered":"<p style=\"text-align: left\">&nbsp;<\/p>\n<p style=\"text-align: left\">La semana pasada se realizaron varias actividades relacionadas con el Oto\u00f1o en nuestro Centro:<\/p>\n<p style=\"text-align: left\">&#8211; Hemos decorado el colegio con un \u00e1rbol y ADORNOS realizados por el alumnado de Infantil en colaboraci\u00f3n con sus familiares.<\/p>\n<p style=\"text-align: left\">&#8211; El martes 16 de noviembre ha venido un CASTA\u00d1ERO para que todos\/as comamos casta\u00f1itas asadas. Los ni\u00f1os\/as han venido disfrazados de viejecitos\/as.<\/p>\n<p style=\"text-align: left\">&#8211; El viernes 19 de noviembre celebramos la FIESTA DEL OTO\u00d1O, en la cual degustamos frutos y frutas propias de esta estaci\u00f3n.<\/p>\n","protected":false},"author":4,"featured_media":0,"comment_status":"closed","ping_status":"open","sticky":false,"template":"","format":"standard","meta":{"jetpack_post_was_ever_published":false,"_jetpack_newsletter_access":"","_jetpack_dont_email_post_to_subs":false,"_jetpack_newsletter_tier_id":0,"_jetpack_memberships_contains_paywalled_content":false,"_jetpack_memberships_contains_paid_content":false,"footnotes":""},"categories":[40],"tags":[],"class_list":["post-90","post","type-post","status-publish","format-standard","hentry","category-curso-201011"],"jetpack_featured_media_url":"","jetpack_sharing_enabled":true,"jetpack_shortlink":"https:\/\/wp.me\/p9VlHp-1s","jetpack-related-posts":[{"id":52,"url":"https:\/\/www.ceipmaestrorafaelbravomartin.es\/?p=52","url_meta":{"origin":90,"position":0},"title":"El oto\u00f1o lleg\u00f3 a nuestro colegio.","author":"CEIP Maestro Rafael Bravo Mart\u00edn","date":"29 septiembre, 2009","format":false,"excerpt":"Desde el 9 al 13 de noviembre de 2009 \u00a0realizamos en el colegio varias actividades relacionadas con el oto\u00f1o.- Se decor\u00f3 el colegio con adornos realizados por los alumnos\/as .- El mi\u00e9rcoles 11 vino un CASTA\u00d1ERO para que todos comieramos casta\u00f1as y todos los alumnos\/as se disfrazaron como viejecitos\/as.- El\u2026","rel":"","context":"En \u00abCurso 2009\/10\u00bb","block_context":{"text":"Curso 2009\/10","link":"https:\/\/www.ceipmaestrorafaelbravomartin.es\/?cat=27"},"img":{"alt_text":"","src":"","width":0,"height":0},"classes":[]},{"id":66,"url":"https:\/\/www.ceipmaestrorafaelbravomartin.es\/?p=66","url_meta":{"origin":90,"position":1},"title":"El colegio Asunci\u00f3n con la Roja.","author":"CEIP Maestro Rafael Bravo Mart\u00edn","date":"8 junio, 2010","format":false,"excerpt":"Hace unos d\u00edas que ha comenzado el mundial de f\u00fatbol de \"Sud\u00e1frica 2010\" y desde el centro queremos hacer part\u00edcipes a todos los ni\u00f1os\/as aportando nuestro granito de arena para hacer llegar a Sud\u00e1frica toda nuestra ilusi\u00f3n. Hoy mi\u00e9rcoles 16 de junio el alumnado del centro ha venido ataviado con\u2026","rel":"","context":"En \u00abCurso 2009\/10\u00bb","block_context":{"text":"Curso 2009\/10","link":"https:\/\/www.ceipmaestrorafaelbravomartin.es\/?cat=27"},"img":{"alt_text":"","src":"","width":0,"height":0},"classes":[]},{"id":601,"url":"https:\/\/www.ceipmaestrorafaelbravomartin.es\/?p=601","url_meta":{"origin":90,"position":2},"title":"25 de noviembre: D\u00eda Internacional de la Eliminaci\u00f3n de la Violencia contra la Mujer","author":"CEIP Maestro Rafael Bravo Mart\u00edn","date":"25 noviembre, 2013","format":false,"excerpt":"A trav\u00e9s de nuestro Ayuntamiento nos unimos a la propuesta del Instituto Andaluz de la Mujer con la lectura simult\u00e1nea del libro \"NI UN BESITO A LA FUERZA\" un cuento coeditado en 2009 por dicho Instituto y que este a\u00f1o se utiliza como recurso coeducativo para trabajar con el alumnado\u2026","rel":"","context":"En \u00abNoticiero\u00bb","block_context":{"text":"Noticiero","link":"https:\/\/www.ceipmaestrorafaelbravomartin.es\/?cat=3"},"img":{"alt_text":"","src":"","width":0,"height":0},"classes":[]},{"id":2054,"url":"https:\/\/www.ceipmaestrorafaelbravomartin.es\/?p=2054","url_meta":{"origin":90,"position":3},"title":"H\u00c1BITOS DE VIDA SALUDABLE","author":"CEIP Maestro Rafael Bravo Mart\u00edn","date":"11 febrero, 2020","format":false,"excerpt":"En el marco del \u201cPlan Escolar de Consumo de Frutas y Hortalizas\", recurso para promover Estilos de Vida Saludable del que nuestro centro es beneficiario, nos comunican que hemos resultado seleccionados para recibir el\u00a0\"Kit de\u00a0Materiales para Huertos Escolares\u201d El\u00a0material del que consta el Kit se\u00a0repartir\u00e1\u00a0a los centros educativos beneficiarios\u00a0dividido\u00a0en dos\u2026","rel":"","context":"En \u00abEl centro\u00bb","block_context":{"text":"El centro","link":"https:\/\/www.ceipmaestrorafaelbravomartin.es\/?cat=10"},"img":{"alt_text":"","src":"https:\/\/i0.wp.com\/www.ceipmaestrorafaelbravomartin.es\/wp-content\/uploads\/2020\/02\/unnamed.jpg?resize=350%2C200","width":350,"height":200,"srcset":"https:\/\/i0.wp.com\/www.ceipmaestrorafaelbravomartin.es\/wp-content\/uploads\/2020\/02\/unnamed.jpg?resize=350%2C200 1x, https:\/\/i0.wp.com\/www.ceipmaestrorafaelbravomartin.es\/wp-content\/uploads\/2020\/02\/unnamed.jpg?resize=525%2C300 1.5x"},"classes":[]},{"id":128,"url":"https:\/\/www.ceipmaestrorafaelbravomartin.es\/?p=128","url_meta":{"origin":90,"position":4},"title":"\u00a1RICARDO!","author":"CEIP Maestro Rafael Bravo Mart\u00edn","date":"16 enero, 2011","format":false,"excerpt":"Hace poco ha venido a nuestro colegio una persona muy especial, (por lo menos para mi) es Ricardo! Para los que no sepan quien es Ricardo les dir\u00e9 que es un maestro y una persona m\u00e1s buena que el pan. Ricardo se fue de este colegio hace ya cinco o\u2026","rel":"","context":"En \u00abCartas de los lectores\/as.\u00bb","block_context":{"text":"Cartas de los lectores\/as.","link":"https:\/\/www.ceipmaestrorafaelbravomartin.es\/?cat=31"},"img":{"alt_text":"","src":"","width":0,"height":0},"classes":[]},{"id":277,"url":"https:\/\/www.ceipmaestrorafaelbravomartin.es\/?p=277","url_meta":{"origin":90,"position":5},"title":"25 de NOVIEMBRE. \u00bb D\u00cdA INTERNACIONAL PARA LA ELIMINACI\u00d3N DE LA VIOLENCIA CONTRA LAS MUJERES\u00bb","author":"CEIP Maestro Rafael Bravo Mart\u00edn","date":"30 noviembre, 2012","format":false,"excerpt":"A continuaci\u00f3n pod\u00e9is ver algunos de los trabajos que los ni\u00f1os y ni\u00f1as de nuestro centro han realizado para conmemorar este d\u00eda. \u00a0 \u00a0 \u00a0\u00a0 \u00a0 \u00a0 \u00a0 \u00a0 \u00a0 \u00a0 \u00a0 \u00a0 \u00a0 \u00a0 \u00a0 \u00a0 Quinto B ha estado trabajando con Gloster Edu, y ha preparado unos murales\u2026","rel":"","context":"En \u00abActividades extraescolares\u00bb","block_context":{"text":"Actividades extraescolares","link":"https:\/\/www.ceipmaestrorafaelbravomartin.es\/?cat=14"},"img":{"alt_text":"gloster","src":"https:\/\/i0.wp.com\/www.ceipmaestrorafaelbravomartin.es\/wp-content\/uploads\/2012\/11\/gloster.jpg?resize=350%2C200&ssl=1","width":350,"height":200,"srcset":"https:\/\/i0.wp.com\/www.ceipmaestrorafaelbravomartin.es\/wp-content\/uploads\/2012\/11\/gloster.jpg?resize=350%2C200&ssl=1 1x, https:\/\/i0.wp.com\/www.ceipmaestrorafaelbravomartin.es\/wp-content\/uploads\/2012\/11\/gloster.jpg?resize=525%2C300&ssl=1 1.5x"},"classes":[]}],"_links":{"self":[{"href":"https:\/\/www.ceipmaestrorafaelbravomartin.es\/index.php?rest_route=\/wp\/v2\/posts\/90","targetHints":{"allow":["GET"]}}],"collection":[{"href":"https:\/\/www.ceipmaestrorafaelbravomartin.es\/index.php?rest_route=\/wp\/v2\/posts"}],"about":[{"href":"https:\/\/www.ceipmaestrorafaelbravomartin.es\/index.php?rest_route=\/wp\/v2\/types\/post"}],"author":[{"embeddable":true,"href":"https:\/\/www.ceipmaestrorafaelbravomartin.es\/index.php?rest_route=\/wp\/v2\/users\/4"}],"replies":[{"embeddable":true,"href":"https:\/\/www.ceipmaestrorafaelbravomartin.es\/index.php?rest_route=%2Fwp%2Fv2%2Fcomments&post=90"}],"version-history":[{"count":1,"href":"https:\/\/www.ceipmaestrorafaelbravomartin.es\/index.php?rest_route=\/wp\/v2\/posts\/90\/revisions"}],"predecessor-version":[{"id":956,"href":"https:\/\/www.ceipmaestrorafaelbravomartin.es\/index.php?rest_route=\/wp\/v2\/posts\/90\/revisions\/956"}],"wp:attachment":[{"href":"https:\/\/www.ceipmaestrorafaelbravomartin.es\/index.php?rest_route=%2Fwp%2Fv2%2Fmedia&parent=90"}],"wp:term":[{"taxonomy":"category","embeddable":true,"href":"https:\/\/www.ceipmaestrorafaelbravomartin.es\/index.php?rest_route=%2Fwp%2Fv2%2Fcategories&post=90"},{"taxonomy":"post_tag","embeddable":true,"href":"https:\/\/www.ceipmaestrorafaelbravomartin.es\/index.php?rest_route=%2Fwp%2Fv2%2Ftags&post=90"}],"curies":[{"name":"wp","href":"https:\/\/api.w.org\/{rel}","templated":true}]}}