{"id":91,"date":"2010-11-17T13:45:33","date_gmt":"2010-11-17T12:45:33","guid":{"rendered":"http:\/\/blogasuncion.es\/?p=91"},"modified":"2014-10-12T20:17:05","modified_gmt":"2014-10-12T18:17:05","slug":"taller-de-periodico","status":"publish","type":"post","link":"https:\/\/www.ceipmaestrorafaelbravomartin.es\/?p=91","title":{"rendered":"1\u00aa  edici\u00f3n de la \u00abVentana Escolar\u00bb"},"content":{"rendered":"\n<ul>\n<li class=\"MsoNormal\" style=\"line-height: normal\"><span style=\"font-size: 10pt; font-family: 'Times New Roman', serif\">La      direcci\u00f3n de correo electr\u00f3nico a la que se pueden mandar los escritos: <strong><a href=\"mailto:periodicoasuncion@gmail.com\"><span style=\"color: blue\">periodicoasuncion@gmail.com<\/span><\/a><span style=\"display: none\">Esta direcci\u00f3n electr\u00f3nica esta      protegida contra spam bots. Necesita activar JavaScript para visualizarla <\/span>\u00a0<\/strong><\/span><\/li>\n<li class=\"MsoNormal\" style=\"line-height: normal\"><span style=\"font-size: 10pt; font-family: 'Times New Roman', serif\">Que      existe la posibilidad de enviar los escritos directamente desde la p\u00e1gina      web. Para ello, solicite a su tutor el nombre de usuario y contrase\u00f1a. Una      vez haya accedido\u00a0 a la web con esos datos, les aparecer\u00e1 un <strong>men\u00fa personal<\/strong> a la derecha desde      donde se pueden <strong>enviar art\u00edculos<\/strong>      de forma muy semejante a como escribimos un documento en el procesador de      textos. Recordar que hay que seleccionar la secci\u00f3n peri\u00f3dico, y la      categor\u00eda que m\u00e1s se ajuste al escrito. Por \u00faltimo se debe <strong>guardar<\/strong> el documento. El escrito      enviado ser\u00e1 revisado y publicado en la web. <\/span><\/li>\n<li class=\"MsoNormal\" style=\"line-height: normal\"><span style=\"font-size: 10pt; font-family: 'Times New Roman', serif\">Se      admitir\u00e1n trabajos realizados a mano, con ordenador, en papel, soporte digital      o enviados desde la web del Centro.<\/span><\/li>\n<li class=\"MsoNormal\" style=\"line-height: normal\"><span style=\"font-size: 10pt; font-family: 'Times New Roman', serif\">Los      escritos se entregar\u00e1n a los profesores\/as (Andr\u00e9s, Aurora o Puri), se      enviar\u00e1n por e-mail, o se escribir\u00e1n directamente en la web del centro      como se ha explicado antes.<\/span><\/li>\n<li class=\"MsoNormal\" style=\"line-height: normal\"><span style=\"font-size: 10pt; font-family: 'Times New Roman', serif\">Deben      cumplir las recomendaciones propias del Taller de peri\u00f3dico. De lo      contrario, no ser\u00e1n admitidos en la selecci\u00f3n definitiva.<\/span><\/li>\n<li class=\"MsoNormal\" style=\"line-height: normal\"><span style=\"font-size: 10pt; font-family: 'Times New Roman', serif\">Temporalizaci\u00f3n:      saldr\u00e1 en la 1\u00aa quincena de Febrero.<\/span><\/li>\n<li class=\"MsoNormal\" style=\"line-height: normal\"><span style=\"font-size: 10pt; font-family: 'Times New Roman', serif\">Dibujo      de la<strong> portada<\/strong>: <strong>Multiculturalidad <\/strong>(diversidad de culturas en      la educaci\u00f3n).<\/span><\/li>\n<li class=\"MsoNormal\" style=\"line-height: normal\"><span style=\"font-size: 10pt; font-family: 'Times New Roman', serif\">Fecha <strong>l\u00edmite<\/strong>      de entrega de trabajos:<strong><u> lunes, <span>\u00a0<\/span>31 de enero<\/u><\/strong> de 2011.<\/span><\/li>\n<\/ul>\n<ul>\n<li class=\"MsoNormal\" style=\"line-height: normal\"><span style=\"font-size: 10pt; font-family: 'Times New Roman', serif\">Les      recordamos las <strong><em><u>secciones del peri\u00f3dico:<\/u><\/em><\/strong><\/span>\n<ul>\n<li class=\"MsoNormal\" style=\"line-height: normal\"><span style=\"font-size: 10pt; font-family: 'Times New Roman', serif\">CARTAS       DE LOS LECTORES Y LECTORAS. Expresar opini\u00f3n sobre cualquier tema.<\/span><\/li>\n<li class=\"MsoNormal\" style=\"line-height: normal\"><span style=\"font-size: 10pt; font-family: 'Times New Roman', serif\">NOTICIAS       INTERNAS. Fiesta del oto\u00f1o, d\u00eda de la Constituci\u00f3n, Navidad, d\u00eda de la       Paz.<\/span><\/li>\n<li class=\"MsoNormal\" style=\"line-height: normal\"><span style=\"font-size: 10pt; font-family: 'Times New Roman', serif\">NOTICIAS       EXTERNAS. De la provincia, del pueblo, de Andaluc\u00eda, de Espa\u00f1a, del       mundo. \u00a0 \u00a0 \u00a0 \u00a0 \u00a0<\/span><\/li>\n<li class=\"MsoNormal\" style=\"line-height: normal\"><span style=\"font-size: 10pt; font-family: 'Times New Roman', serif\">MIS       LIBROS Y PEL\u00cdCULAS PREFERIDOS. Contar alg\u00fan libro, pel\u00edcula, serie, que       les haya gustado mucho.<\/span><\/li>\n<li class=\"MsoNormal\" style=\"line-height: normal\"><span style=\"font-size: 10pt; font-family: 'Times New Roman', serif\">RECOMENDACIONES       DE P\u00c1GINAS WEBS. Direcciones de p\u00e1ginas web donde podemos encontrar algo       \u00fatil o divertido.<\/span><\/li>\n<li class=\"MsoNormal\" style=\"line-height: normal\"><span style=\"font-size: 10pt; font-family: 'Times New Roman', serif\">DEPORTES.       Comentarios de actos deportivos dentro o fuera del colegio.<\/span><\/li>\n<li class=\"MsoNormal\" style=\"line-height: normal\"><span style=\"font-size: 10pt; font-family: 'Times New Roman', serif\">PASATIEMPOS.       Chistes, adivinanzas, sopa de letras, etc.<\/span><\/li>\n<li class=\"MsoNormal\" style=\"line-height: normal\"><span style=\"font-size: 10pt; font-family: 'Times New Roman', serif\">RECETAS<\/span><\/li>\n<li class=\"MsoNormal\" style=\"line-height: normal\"><span style=\"font-size: 10pt; font-family: 'Times New Roman', serif\">CREACI\u00d3N       LITERARIA. Cuentos, poemas, c\u00f3mics, todos inventados y no copiados.<\/span><\/li>\n<\/ul>\n<\/li>\n<\/ul>\n<p style=\"margin-bottom: 0.0001pt; text-align: center; line-height: normal\" class=\"MsoNormal\" align=\"center\"><strong><u><span style=\"font-family: 'Times New Roman', serif\">RECOMENDACIONES<\/span><\/u><\/strong><\/p>\n<ol>\n<li class=\"MsoNormal\" style=\"line-height: normal\"><span style=\"font-size: 10pt; font-family: 'Times New Roman', serif\">El <strong>dibujo<\/strong>      de la <strong>portada <\/strong>se har\u00e1 en un folio, como siempre sin colorear,      respetando los m\u00e1rgenes, y se pasar\u00e1 a boli negro.<\/span><\/li>\n<li class=\"MsoNormal\" style=\"line-height: normal\"><span style=\"font-size: 10pt; font-family: 'Times New Roman', serif\">Los<strong>      trabajos escritos<\/strong> deben respetar los m\u00e1rgenes que se se\u00f1alan en las      plantillas (\u00e9stas se pueden usar para ponerlas debajo, as\u00ed sirven para que      no se tuerzan).<\/span><\/li>\n<li class=\"MsoNormal\" style=\"line-height: normal\"><span style=\"font-size: 10pt; font-family: 'Times New Roman', serif\">Los <strong>trabajos      de ordenador<\/strong> pueden usar cualquier tipo de fuente entendible y color      negro. Tambi\u00e9n pueden adjuntar archivos.<\/span><\/li>\n<li class=\"MsoNormal\" style=\"line-height: normal\"><span style=\"font-size: 10pt; font-family: 'Times New Roman', serif\">Los      tutores\/as deben <strong>seleccionar<\/strong> los trabajos de los alumnos\/as de su      clase y mandarlos ya <strong>corregidos<\/strong>, tanto si est\u00e1n hechos a mano como      si es con ordenador.<\/span><\/li>\n<li class=\"MsoNormal\" style=\"line-height: normal\"><span style=\"font-size: 10pt; font-family: 'Times New Roman', serif\">Finalmente      la comisi\u00f3n\u00a0 del peri\u00f3dico realizar\u00e1 la selecci\u00f3n definitiva.<\/span><\/li>\n<li class=\"MsoNormal\" style=\"line-height: normal\"><span style=\"font-size: 10pt; font-family: 'Times New Roman', serif\">Se      procurar\u00e1 que haya representaci\u00f3n de todos los cursos.<\/span><\/li>\n<\/ol>\n","protected":false},"excerpt":{"rendered":"<p><img loading=\"lazy\" decoding=\"async\" src=\"http:\/\/blogasuncion.es\/wp-content\/uploads\/2010\/11\/ventana.png\" border=\"0\" width=\"118\" height=\"88\" \/>\u00a0<span style=\"font-family: 'Times New Roman', serif; font-size: 13px\" class=\"Apple-style-span\">A todos los ni\u00f1os y ni\u00f1as, maestros y maestras que deseen colaborar. Tambi\u00e9n a los padres, madres\u00a0 y antiguos alumnos\/as: estamos preparando la 1\u00aa edici\u00f3n de \u00abVentana Escolar\u00bb.<\/span><\/p>\n<p style=\"line-height: normal\" class=\"MsoNormal\"><span style=\"font-size: 10pt; font-family: 'Times New Roman', serif\">Por eso deb\u00e9is saber:<\/span><\/p>\n","protected":false},"author":4,"featured_media":86,"comment_status":"closed","ping_status":"open","sticky":false,"template":"","format":"standard","meta":{"jetpack_post_was_ever_published":false,"_jetpack_newsletter_access":"","_jetpack_dont_email_post_to_subs":false,"_jetpack_newsletter_tier_id":0,"_jetpack_memberships_contains_paywalled_content":false,"_jetpack_memberships_contains_paid_content":false,"footnotes":""},"categories":[17],"tags":[94],"class_list":["post-91","post","type-post","status-publish","format-standard","has-post-thumbnail","hentry","category-c45-periodico","tag-periodico-escolar"],"jetpack_featured_media_url":"https:\/\/www.ceipmaestrorafaelbravomartin.es\/wp-content\/uploads\/2010\/11\/ventana.png","jetpack_sharing_enabled":true,"jetpack_shortlink":"https:\/\/wp.me\/p9VlHp-1t","jetpack-related-posts":[{"id":157,"url":"https:\/\/www.ceipmaestrorafaelbravomartin.es\/?p=157","url_meta":{"origin":91,"position":0},"title":"2\u00aa  edici\u00f3n de la \u00abVentana Escolar\u00bb","author":"CEIP Maestro Rafael Bravo Mart\u00edn","date":"16 mayo, 2011","format":false,"excerpt":"\u00a0A todos los ni\u00f1os y ni\u00f1as, maestros y maestras que deseen colaborar. Tambi\u00e9n a los padres, madres\u00a0 y antiguos alumnos\/as: estamos preparando la 2\u00aa edici\u00f3n de \"Ventana Escolar\". Por eso deb\u00e9is saber:","rel":"","context":"En \u00abInformaci\u00f3n\u00bb","block_context":{"text":"Informaci\u00f3n","link":"https:\/\/www.ceipmaestrorafaelbravomartin.es\/?cat=17"},"img":{"alt_text":"","src":"https:\/\/i0.wp.com\/www.ceipmaestrorafaelbravomartin.es\/wp-content\/uploads\/2010\/11\/ventana.png?resize=350%2C200&ssl=1","width":350,"height":200},"classes":[]},{"id":225,"url":"https:\/\/www.ceipmaestrorafaelbravomartin.es\/?p=225","url_meta":{"origin":91,"position":1},"title":"1\u00aa tirada del peri\u00f3dico &#8211; Curso 2011-12","author":"CEIP Maestro Rafael Bravo Mart\u00edn","date":"7 febrero, 2012","format":false,"excerpt":"\u00a0 TALLER DE PERI\u00d3DICO \u00a0 Un a\u00f1o m\u00e1s, y ya van unos pocos, nos disponemos a sacar el peri\u00f3dico del colegio Asunci\u00f3n. Por lo tanto animamos a todo el alumnado, profesorado, padres y madres, a participar en esta edici\u00f3n de \u201c Ventana Escolar\u201d. \u00a0 Os recordamos la direcci\u00f3n de correo\u2026","rel":"","context":"En \u00abInformaci\u00f3n\u00bb","block_context":{"text":"Informaci\u00f3n","link":"https:\/\/www.ceipmaestrorafaelbravomartin.es\/?cat=17"},"img":{"alt_text":"","src":"","width":0,"height":0},"classes":[]},{"id":283,"url":"https:\/\/www.ceipmaestrorafaelbravomartin.es\/?p=283","url_meta":{"origin":91,"position":2},"title":"1\u00aa tirada del peri\u00f3dico &#8211;  2012-13","author":"CEIP Maestro Rafael Bravo Mart\u00edn","date":"15 enero, 2013","format":false,"excerpt":"TALLER DE PERI\u00d3DICO Otro a\u00f1o mas nos disponemos a sacar el peri\u00f3dico del colegio Asunci\u00f3n. Por lo tanto animamos a todo el alumnado, profesorado, padres y madres, a participar en esta edici\u00f3n de \u201c Ventana Escolar\u201d. Os recordamos la direcci\u00f3n de correo electr\u00f3nico: periodicoasuncion@gmail.com -Se admitir\u00e1n trabajos tanto a mano\u2026","rel":"","context":"En \u00abInformaci\u00f3n\u00bb","block_context":{"text":"Informaci\u00f3n","link":"https:\/\/www.ceipmaestrorafaelbravomartin.es\/?cat=17"},"img":{"alt_text":"","src":"","width":0,"height":0},"classes":[]},{"id":320,"url":"https:\/\/www.ceipmaestrorafaelbravomartin.es\/?p=320","url_meta":{"origin":91,"position":3},"title":"Ventana Escolar (junio de 2013)","author":"CEIP Maestro Rafael Bravo Mart\u00edn","date":"15 junio, 2013","format":false,"excerpt":"Con un poco de premura, y publicando ahora algunos de los art\u00edculos que fueron seleccionados en la primera tirada de este curso, lanzamos la segunda. Solamente se publicar\u00e1 el peri\u00f3dico completo en la versi\u00f3n digital. Se intentar\u00e1, en los d\u00edas que quedan de clase imprimir y repatir una versi\u00f3n reducida\u2026","rel":"","context":"En \u00abPeri\u00f3dico Escolar\u00bb","block_context":{"text":"Peri\u00f3dico Escolar","link":"https:\/\/www.ceipmaestrorafaelbravomartin.es\/?cat=6"},"img":{"alt_text":"","src":"https:\/\/i0.wp.com\/2.bp.blogspot.com\/-q1EcQRBaVWw\/Uby2_GXaCAI\/AAAAAAAADPQ\/9BL7O8gK0I8\/s400\/peri%C3%B3dico.jpg?resize=350%2C200","width":350,"height":200},"classes":[]},{"id":87,"url":"https:\/\/www.ceipmaestrorafaelbravomartin.es\/?p=87","url_meta":{"origin":91,"position":4},"title":"Peri\u00f3dico: La ventana Escolar","author":"CEIP Maestro Rafael Bravo Mart\u00edn","date":"13 noviembre, 2010","format":false,"excerpt":"Se informa\u00a0 que ya ten\u00e9is de nuevo a vuestra disposici\u00f3n las dos tiradas del peri\u00f3dico \"La Ventana Escolar\" que fueron publicadas el curso anterior en la antigua web del Centro. Pod\u00e9is acceder a ellas desde la columna de la derecha en la secci\u00f3n peri\u00f3dico escolar \"Publicaciones Ventana Escolar\" o haciendo\u2026","rel":"","context":"En \u00abInformaci\u00f3n\u00bb","block_context":{"text":"Informaci\u00f3n","link":"https:\/\/www.ceipmaestrorafaelbravomartin.es\/?cat=17"},"img":{"alt_text":"","src":"https:\/\/i0.wp.com\/www.ceipmaestrorafaelbravomartin.es\/wp-content\/uploads\/2010\/11\/ventana.png?resize=350%2C200&ssl=1","width":350,"height":200},"classes":[]},{"id":135,"url":"https:\/\/www.ceipmaestrorafaelbravomartin.es\/?p=135","url_meta":{"origin":91,"position":5},"title":"Consejo Escolar del 18 de enero de 2011","author":"CEIP Maestro Rafael Bravo Mart\u00edn","date":"24 enero, 2011","format":false,"excerpt":"En Alcal\u00e1 del R\u00edo, siendo las 17,15 horas del d\u00eda 18 de enero de 2011, se re\u00fane el Consejo Escolar del Centro para tratar los siguientes temas:1. An\u00e1lisis de los resultados escolares de la 1\u00aa Evaluaci\u00f3n en porcentajes, por \u00e1reas y \u00a0calificaciones medias por \u00e1reas y cursos.2. Se apruebe la\u2026","rel":"","context":"En \u00abConsejo escolar\u00bb","block_context":{"text":"Consejo escolar","link":"https:\/\/www.ceipmaestrorafaelbravomartin.es\/?cat=12"},"img":{"alt_text":"","src":"","width":0,"height":0},"classes":[]}],"_links":{"self":[{"href":"https:\/\/www.ceipmaestrorafaelbravomartin.es\/index.php?rest_route=\/wp\/v2\/posts\/91","targetHints":{"allow":["GET"]}}],"collection":[{"href":"https:\/\/www.ceipmaestrorafaelbravomartin.es\/index.php?rest_route=\/wp\/v2\/posts"}],"about":[{"href":"https:\/\/www.ceipmaestrorafaelbravomartin.es\/index.php?rest_route=\/wp\/v2\/types\/post"}],"author":[{"embeddable":true,"href":"https:\/\/www.ceipmaestrorafaelbravomartin.es\/index.php?rest_route=\/wp\/v2\/users\/4"}],"replies":[{"embeddable":true,"href":"https:\/\/www.ceipmaestrorafaelbravomartin.es\/index.php?rest_route=%2Fwp%2Fv2%2Fcomments&post=91"}],"version-history":[{"count":1,"href":"https:\/\/www.ceipmaestrorafaelbravomartin.es\/index.php?rest_route=\/wp\/v2\/posts\/91\/revisions"}],"predecessor-version":[{"id":957,"href":"https:\/\/www.ceipmaestrorafaelbravomartin.es\/index.php?rest_route=\/wp\/v2\/posts\/91\/revisions\/957"}],"wp:featuredmedia":[{"embeddable":true,"href":"https:\/\/www.ceipmaestrorafaelbravomartin.es\/index.php?rest_route=\/wp\/v2\/media\/86"}],"wp:attachment":[{"href":"https:\/\/www.ceipmaestrorafaelbravomartin.es\/index.php?rest_route=%2Fwp%2Fv2%2Fmedia&parent=91"}],"wp:term":[{"taxonomy":"category","embeddable":true,"href":"https:\/\/www.ceipmaestrorafaelbravomartin.es\/index.php?rest_route=%2Fwp%2Fv2%2Fcategories&post=91"},{"taxonomy":"post_tag","embeddable":true,"href":"https:\/\/www.ceipmaestrorafaelbravomartin.es\/index.php?rest_route=%2Fwp%2Fv2%2Ftags&post=91"}],"curies":[{"name":"wp","href":"https:\/\/api.w.org\/{rel}","templated":true}]}}